{"id":48472,"date":"2026-03-16T10:45:17","date_gmt":"2026-03-16T13:45:17","guid":{"rendered":"https:\/\/radiostudiow.com.br\/site\/?p=48472"},"modified":"2026-03-16T10:45:18","modified_gmt":"2026-03-16T13:45:18","slug":"dois-atropelamentos-sao-registrados-em-reboucas-neste-domingo","status":"publish","type":"post","link":"https:\/\/radiostudiow.com.br\/site\/2026\/03\/16\/dois-atropelamentos-sao-registrados-em-reboucas-neste-domingo\/","title":{"rendered":"Dois atropelamentos s\u00e3o registrados em Rebou\u00e7as neste domingo"},"content":{"rendered":"\n<figure class=\"wp-block-image size-full\"><img loading=\"lazy\" decoding=\"async\" width=\"731\" height=\"204\" src=\"https:\/\/radiostudiow.com.br\/site\/wp-content\/uploads\/2026\/01\/BARROS-2026.png\" alt=\"\" class=\"wp-image-46173\" srcset=\"https:\/\/radiostudiow.com.br\/site\/wp-content\/uploads\/2026\/01\/BARROS-2026.png 731w, https:\/\/radiostudiow.com.br\/site\/wp-content\/uploads\/2026\/01\/BARROS-2026-300x84.png 300w\" sizes=\"auto, (max-width: 731px) 100vw, 731px\" \/><\/figure>\n\n\n\n<p>A Pol\u00edcia Militar do 2\u00ba Pelot\u00e3o de Rebou\u00e7as atendeu duas ocorr\u00eancias de atropelamento ao longo deste domingo (15), uma na \u00e1rea central do munic\u00edpio e outra na zona rural.<\/p>\n\n\n\n<p>A primeira situa\u00e7\u00e3o foi registrada por volta das 3h45 da madrugada, na Pra\u00e7a dos Ferrovi\u00e1rios. No local, os policiais encontraram um homem ferido, deitado no ch\u00e3o, que relatou ter sido atropelado por uma motocicleta, cujo condutor fugiu do local sem prestar socorro.<\/p>\n\n\n\n<p>Os Bombeiros Comunit\u00e1rios foram acionados e prestaram os primeiros atendimentos \u00e0 v\u00edtima, que posteriormente foi encaminhada ao Hospital Dona Darcy Vargas. At\u00e9 o momento, n\u00e3o foi poss\u00edvel identificar o condutor da motocicleta nem o ve\u00edculo envolvido no acidente.<\/p>\n\n\n\n<figure class=\"wp-block-gallery has-nested-images columns-default is-cropped wp-block-gallery-1 is-layout-flex wp-block-gallery-is-layout-flex\">\n<figure class=\"wp-block-image size-large\"><img loading=\"lazy\" decoding=\"async\" width=\"1024\" height=\"591\" data-id=\"42859\" src=\"https:\/\/radiostudiow.com.br\/site\/wp-content\/uploads\/2025\/09\/CASA-DO-CRIADOR.png\" alt=\"\" class=\"wp-image-42859\" srcset=\"https:\/\/radiostudiow.com.br\/site\/wp-content\/uploads\/2025\/09\/CASA-DO-CRIADOR.png 1024w, https:\/\/radiostudiow.com.br\/site\/wp-content\/uploads\/2025\/09\/CASA-DO-CRIADOR-300x173.png 300w, https:\/\/radiostudiow.com.br\/site\/wp-content\/uploads\/2025\/09\/CASA-DO-CRIADOR-768x443.png 768w\" sizes=\"auto, (max-width: 1024px) 100vw, 1024px\" \/><\/figure>\n\n\n\n<figure class=\"wp-block-image size-large\"><img loading=\"lazy\" decoding=\"async\" width=\"1024\" height=\"591\" data-id=\"42556\" src=\"https:\/\/radiostudiow.com.br\/site\/wp-content\/uploads\/2025\/09\/image-61.png\" alt=\"\" class=\"wp-image-42556\" srcset=\"https:\/\/radiostudiow.com.br\/site\/wp-content\/uploads\/2025\/09\/image-61.png 1024w, https:\/\/radiostudiow.com.br\/site\/wp-content\/uploads\/2025\/09\/image-61-300x173.png 300w, https:\/\/radiostudiow.com.br\/site\/wp-content\/uploads\/2025\/09\/image-61-768x443.png 768w\" sizes=\"auto, (max-width: 1024px) 100vw, 1024px\" \/><\/figure>\n<\/figure>\n\n\n\n<p>J\u00e1 a segunda ocorr\u00eancia foi registrada por volta das 17h19, na localidade de Barreiro, \u00e1rea rural de Rebou\u00e7as. Conforme relatos, um caminh\u00e3o atropelou um cavalo, que estava sendo montado por um homem no momento do acidente.<\/p>\n\n\n\n<p>O cavaleiro sofreu ferimentos e foi encaminhado ao hospital municipal para receber atendimento m\u00e9dico.<\/p>\n\n\n\n<p>A Pol\u00edcia Militar realizou o registro da ocorr\u00eancia e adotou os procedimentos cab\u00edveis em rela\u00e7\u00e3o ao caso.<\/p>\n","protected":false},"excerpt":{"rendered":"<p>A Pol\u00edcia Militar do 2\u00ba Pelot\u00e3o de Rebou\u00e7as atendeu duas ocorr\u00eancias de atropelamento ao longo deste domingo (15), uma na \u00e1rea central do munic\u00edpio e outra na zona rural. A primeira situa\u00e7\u00e3o foi registrada por volta das 3h45 da madrugada, na Pra\u00e7a dos Ferrovi\u00e1rios. No local, os policiais encontraram um homem ferido, deitado no ch\u00e3o, [&hellip;]<\/p>\n","protected":false},"author":2,"featured_media":35298,"comment_status":"open","ping_status":"open","sticky":false,"template":"","format":"standard","meta":{"footnotes":""},"categories":[2],"tags":[172],"class_list":["post-48472","post","type-post","status-publish","format-standard","has-post-thumbnail","hentry","category-policial","tag-featured"],"amp_enabled":true,"_links":{"self":[{"href":"https:\/\/radiostudiow.com.br\/site\/wp-json\/wp\/v2\/posts\/48472","targetHints":{"allow":["GET"]}}],"collection":[{"href":"https:\/\/radiostudiow.com.br\/site\/wp-json\/wp\/v2\/posts"}],"about":[{"href":"https:\/\/radiostudiow.com.br\/site\/wp-json\/wp\/v2\/types\/post"}],"author":[{"embeddable":true,"href":"https:\/\/radiostudiow.com.br\/site\/wp-json\/wp\/v2\/users\/2"}],"replies":[{"embeddable":true,"href":"https:\/\/radiostudiow.com.br\/site\/wp-json\/wp\/v2\/comments?post=48472"}],"version-history":[{"count":1,"href":"https:\/\/radiostudiow.com.br\/site\/wp-json\/wp\/v2\/posts\/48472\/revisions"}],"predecessor-version":[{"id":48473,"href":"https:\/\/radiostudiow.com.br\/site\/wp-json\/wp\/v2\/posts\/48472\/revisions\/48473"}],"wp:featuredmedia":[{"embeddable":true,"href":"https:\/\/radiostudiow.com.br\/site\/wp-json\/wp\/v2\/media\/35298"}],"wp:attachment":[{"href":"https:\/\/radiostudiow.com.br\/site\/wp-json\/wp\/v2\/media?parent=48472"}],"wp:term":[{"taxonomy":"category","embeddable":true,"href":"https:\/\/radiostudiow.com.br\/site\/wp-json\/wp\/v2\/categories?post=48472"},{"taxonomy":"post_tag","embeddable":true,"href":"https:\/\/radiostudiow.com.br\/site\/wp-json\/wp\/v2\/tags?post=48472"}],"curies":[{"name":"wp","href":"https:\/\/api.w.org\/{rel}","templated":true}]}}