{"id":49534,"date":"2026-04-24T21:09:11","date_gmt":"2026-04-25T00:09:11","guid":{"rendered":"https:\/\/radiostudiow.com.br\/site\/?p=49534"},"modified":"2026-04-24T21:09:12","modified_gmt":"2026-04-25T00:09:12","slug":"corte-ilegal-de-vegetacao-nativa-resulta-em-autuacao-em-prudentopolis","status":"publish","type":"post","link":"https:\/\/radiostudiow.com.br\/site\/2026\/04\/24\/corte-ilegal-de-vegetacao-nativa-resulta-em-autuacao-em-prudentopolis\/","title":{"rendered":"Corte ilegal de vegeta\u00e7\u00e3o nativa resulta em autua\u00e7\u00e3o em Prudent\u00f3polis"},"content":{"rendered":"\n<figure class=\"wp-block-image size-full\"><img loading=\"lazy\" decoding=\"async\" width=\"731\" height=\"204\" src=\"https:\/\/radiostudiow.com.br\/site\/wp-content\/uploads\/2025\/10\/ZAIONS.png\" alt=\"\" class=\"wp-image-44147\" srcset=\"https:\/\/radiostudiow.com.br\/site\/wp-content\/uploads\/2025\/10\/ZAIONS.png 731w, https:\/\/radiostudiow.com.br\/site\/wp-content\/uploads\/2025\/10\/ZAIONS-300x84.png 300w\" sizes=\"auto, (max-width: 731px) 100vw, 731px\" \/><\/figure>\n\n\n\n<p>A equipe da Pol\u00edcia Militar Ambiental atendeu a uma den\u00fancia de corte de \u00e1rvores nativas na localidade de Cerro Alto, munic\u00edpio de Prudent\u00f3polis nessa quarta-feira (22).<\/p>\n\n\n\n<p>No local, foi constatado o desmate de vegeta\u00e7\u00e3o nativa em uma \u00e1rea de 0,21 hectare. O propriet\u00e1rio do im\u00f3vel n\u00e3o possu\u00eda autoriza\u00e7\u00e3o do \u00f3rg\u00e3o ambiental competente para a realiza\u00e7\u00e3o da supress\u00e3o, sendo autuado administrativamente no valor de R$ 7.000,00 (sete mil reais).<\/p>\n\n\n\n<p>O crime ser\u00e1 comunicado \u00e0 Delegacia de Pol\u00edcia Civil de Prudent\u00f3polis para as provid\u00eancias cab\u00edveis.<\/p>\n\n\n\n<p class=\"has-text-align-center\"><em>POL\u00cdCIA MILITAR DO PARAN\u00c1: &#8220;N\u00f3s fazemos a diferen\u00e7a!&#8221;<\/em><\/p>\n\n\n\n<figure class=\"wp-block-image size-large\"><img loading=\"lazy\" decoding=\"async\" width=\"1024\" height=\"768\" src=\"https:\/\/radiostudiow.com.br\/site\/wp-content\/uploads\/2026\/04\/image-41-1024x768.png\" alt=\"\" class=\"wp-image-49536\" srcset=\"https:\/\/radiostudiow.com.br\/site\/wp-content\/uploads\/2026\/04\/image-41-1024x768.png 1024w, https:\/\/radiostudiow.com.br\/site\/wp-content\/uploads\/2026\/04\/image-41-300x225.png 300w, https:\/\/radiostudiow.com.br\/site\/wp-content\/uploads\/2026\/04\/image-41-768x576.png 768w, https:\/\/radiostudiow.com.br\/site\/wp-content\/uploads\/2026\/04\/image-41.png 1448w\" sizes=\"auto, (max-width: 1024px) 100vw, 1024px\" \/><\/figure>\n","protected":false},"excerpt":{"rendered":"<p>A equipe da Pol\u00edcia Militar Ambiental atendeu a uma den\u00fancia de corte de \u00e1rvores nativas na localidade de Cerro Alto, munic\u00edpio de Prudent\u00f3polis nessa quarta-feira (22). No local, foi constatado o desmate de vegeta\u00e7\u00e3o nativa em uma \u00e1rea de 0,21 hectare. O propriet\u00e1rio do im\u00f3vel n\u00e3o possu\u00eda autoriza\u00e7\u00e3o do \u00f3rg\u00e3o ambiental competente para a realiza\u00e7\u00e3o [&hellip;]<\/p>\n","protected":false},"author":2,"featured_media":49535,"comment_status":"open","ping_status":"open","sticky":false,"template":"","format":"standard","meta":{"footnotes":""},"categories":[2],"tags":[172],"class_list":["post-49534","post","type-post","status-publish","format-standard","has-post-thumbnail","hentry","category-policial","tag-featured"],"amp_enabled":true,"_links":{"self":[{"href":"https:\/\/radiostudiow.com.br\/site\/wp-json\/wp\/v2\/posts\/49534","targetHints":{"allow":["GET"]}}],"collection":[{"href":"https:\/\/radiostudiow.com.br\/site\/wp-json\/wp\/v2\/posts"}],"about":[{"href":"https:\/\/radiostudiow.com.br\/site\/wp-json\/wp\/v2\/types\/post"}],"author":[{"embeddable":true,"href":"https:\/\/radiostudiow.com.br\/site\/wp-json\/wp\/v2\/users\/2"}],"replies":[{"embeddable":true,"href":"https:\/\/radiostudiow.com.br\/site\/wp-json\/wp\/v2\/comments?post=49534"}],"version-history":[{"count":1,"href":"https:\/\/radiostudiow.com.br\/site\/wp-json\/wp\/v2\/posts\/49534\/revisions"}],"predecessor-version":[{"id":49538,"href":"https:\/\/radiostudiow.com.br\/site\/wp-json\/wp\/v2\/posts\/49534\/revisions\/49538"}],"wp:featuredmedia":[{"embeddable":true,"href":"https:\/\/radiostudiow.com.br\/site\/wp-json\/wp\/v2\/media\/49535"}],"wp:attachment":[{"href":"https:\/\/radiostudiow.com.br\/site\/wp-json\/wp\/v2\/media?parent=49534"}],"wp:term":[{"taxonomy":"category","embeddable":true,"href":"https:\/\/radiostudiow.com.br\/site\/wp-json\/wp\/v2\/categories?post=49534"},{"taxonomy":"post_tag","embeddable":true,"href":"https:\/\/radiostudiow.com.br\/site\/wp-json\/wp\/v2\/tags?post=49534"}],"curies":[{"name":"wp","href":"https:\/\/api.w.org\/{rel}","templated":true}]}}