{"id":49554,"date":"2026-04-27T15:29:46","date_gmt":"2026-04-27T18:29:46","guid":{"rendered":"https:\/\/radiostudiow.com.br\/site\/?p=49554"},"modified":"2026-04-27T16:25:33","modified_gmt":"2026-04-27T19:25:33","slug":"mallet-registra-sequencia-de-acidentes-de-transito-entre-sabado-e-domingo","status":"publish","type":"post","link":"https:\/\/radiostudiow.com.br\/site\/2026\/04\/27\/mallet-registra-sequencia-de-acidentes-de-transito-entre-sabado-e-domingo\/","title":{"rendered":"Mallet registra sequ\u00eancia de acidentes de tr\u00e2nsito entre s\u00e1bado e domingo\u00a0"},"content":{"rendered":"\n<figure class=\"wp-block-image size-full is-resized\"><img loading=\"lazy\" decoding=\"async\" width=\"598\" height=\"204\" src=\"https:\/\/radiostudiow.com.br\/site\/wp-content\/uploads\/2025\/05\/POLAK.png\" alt=\"\" class=\"wp-image-37847\" style=\"width:643px;height:auto\" srcset=\"https:\/\/radiostudiow.com.br\/site\/wp-content\/uploads\/2025\/05\/POLAK.png 598w, https:\/\/radiostudiow.com.br\/site\/wp-content\/uploads\/2025\/05\/POLAK-300x102.png 300w\" sizes=\"auto, (max-width: 598px) 100vw, 598px\" \/><\/figure>\n\n\n\n<p>Al\u00e9m do acidente registrado na BR-153 na noite deste domingo (26), outros tr\u00eas sinistros de tr\u00e2nsito foram registrados em diferentes pontos do munic\u00edpio de Mallet entre o final de s\u00e1bado (25) e a madrugada de domingo, conforme informa\u00e7\u00f5es da Pol\u00edcia Militar e imagens divulgadas em redes sociais.<\/p>\n\n\n\n<p>De acordo com a Pol\u00edcia Militar de Mallet, pertencente ao 3\u00ba Pelot\u00e3o, uma equipe foi acionada no final da noite de s\u00e1bado (25) para atender a um acidente na Rua Padre Pedro Proskiev, no bairro Vila S\u00e3o Pedro. No local, <strong>em contato com um homem, ele relatou que estava no interior de seu ve\u00edculo, um VW\/Golf de cor vermelha, que se encontrava estacionado, quando sentiu um impacto que arrastou o autom\u00f3vel para frente.<\/strong><\/p>\n\n\n\n<p class=\"has-medium-font-size\"><strong>Segundo o relato, um ve\u00edculo modelo VW\/Saveiro, de cor preta, colidiu na lateral traseira. O condutor do outro autom\u00f3vel chegou a descer e informar que arcaria com os danos, por\u00e9m deixou o local em seguida, tomando rumo ignorado. A v\u00edtima n\u00e3o soube informar a placa nem a identifica\u00e7\u00e3o completa do motorista, apenas mencionando conhecer seu sobrenome. A equipe policial realizou as orienta\u00e7\u00f5es cab\u00edveis quanto aos procedimentos.<\/strong><\/p>\n\n\n\n<figure class=\"wp-block-image size-large is-resized\"><img loading=\"lazy\" decoding=\"async\" width=\"889\" height=\"1024\" src=\"https:\/\/radiostudiow.com.br\/site\/wp-content\/uploads\/2026\/04\/e39c4a89-0a3c-47dd-bf60-281125bf061f-889x1024.jpg\" alt=\"\" class=\"wp-image-49555\" style=\"aspect-ratio:0.8681784018624773;width:730px;height:auto\" srcset=\"https:\/\/radiostudiow.com.br\/site\/wp-content\/uploads\/2026\/04\/e39c4a89-0a3c-47dd-bf60-281125bf061f-889x1024.jpg 889w, https:\/\/radiostudiow.com.br\/site\/wp-content\/uploads\/2026\/04\/e39c4a89-0a3c-47dd-bf60-281125bf061f-260x300.jpg 260w, https:\/\/radiostudiow.com.br\/site\/wp-content\/uploads\/2026\/04\/e39c4a89-0a3c-47dd-bf60-281125bf061f-768x885.jpg 768w, https:\/\/radiostudiow.com.br\/site\/wp-content\/uploads\/2026\/04\/e39c4a89-0a3c-47dd-bf60-281125bf061f.jpg 900w\" sizes=\"auto, (max-width: 889px) 100vw, 889px\" \/><\/figure>\n\n\n\n<figure class=\"wp-block-image size-full\"><img loading=\"lazy\" decoding=\"async\" width=\"731\" height=\"204\" src=\"https:\/\/radiostudiow.com.br\/site\/wp-content\/uploads\/2026\/01\/BARROS-2026.png\" alt=\"\" class=\"wp-image-46173\" srcset=\"https:\/\/radiostudiow.com.br\/site\/wp-content\/uploads\/2026\/01\/BARROS-2026.png 731w, https:\/\/radiostudiow.com.br\/site\/wp-content\/uploads\/2026\/01\/BARROS-2026-300x84.png 300w\" sizes=\"auto, (max-width: 731px) 100vw, 731px\" \/><\/figure>\n\n\n\n<p>Outros dois acidentes n\u00e3o foram formalmente registrados em boletins de ocorr\u00eancia, mas vieram \u00e0 tona por meio de <strong>imagens de c\u00e2meras de seguran\u00e7a que circularam em redes sociais.<\/strong><\/p>\n\n\n\n<p class=\"has-medium-font-size\"><strong>O primeiro caso ocorreu por volta da 1h42 da madrugada de domingo (26), na Rua General Carneiro, na Vila Mariana. As imagens mostram um autom\u00f3vel trafegando pela contram\u00e3o, invadindo a cal\u00e7ada e colidindo contra um ve\u00edculo estacionado em frente a uma resid\u00eancia.<\/strong><\/p>\n\n\n\n<p><\/p>\n\n\n\n<figure class=\"wp-block-video\"><video height=\"576\" style=\"aspect-ratio: 1024 \/ 576;\" width=\"1024\" controls src=\"https:\/\/radiostudiow.com.br\/site\/wp-content\/uploads\/2026\/04\/WhatsApp-Video-2026-04-27-at-11.28.31.mp4\"><\/video><\/figure>\n\n\n\n<figure class=\"wp-block-image size-full is-resized\"><img loading=\"lazy\" decoding=\"async\" width=\"598\" height=\"204\" src=\"https:\/\/radiostudiow.com.br\/site\/wp-content\/uploads\/2024\/10\/labirati.png\" alt=\"\" class=\"wp-image-28854\" style=\"aspect-ratio:3.5835732686770725;width:739px;height:auto\" srcset=\"https:\/\/radiostudiow.com.br\/site\/wp-content\/uploads\/2024\/10\/labirati.png 598w, https:\/\/radiostudiow.com.br\/site\/wp-content\/uploads\/2024\/10\/labirati-300x102.png 300w\" sizes=\"auto, (max-width: 598px) 100vw, 598px\" \/><\/figure>\n\n\n\n<p><\/p>\n\n\n\n<p class=\"has-medium-font-size\"><strong>Pouco depois, \u00e0s 1h58, outro acidente foi registrado por c\u00e2meras de seguran\u00e7a de um estabelecimento comercial na Rua Vicente Machado, nas proximidades da esquina com a Avenida Jo\u00e3o Pessoa. As imagens mostram um Volkswagen Gol colidindo contra a parede de duas lojas, parando sobre uma placa de sinaliza\u00e7\u00e3o.<\/strong><\/p>\n\n\n\n<figure class=\"wp-block-video\"><video height=\"720\" style=\"aspect-ratio: 1280 \/ 720;\" width=\"1280\" controls src=\"https:\/\/radiostudiow.com.br\/site\/wp-content\/uploads\/2026\/04\/Pura-Mania.mp4\"><\/video><\/figure>\n\n\n\n<p><\/p>\n\n\n\n<figure class=\"wp-block-gallery has-nested-images columns-default is-cropped wp-block-gallery-1 is-layout-flex wp-block-gallery-is-layout-flex\">\n<figure class=\"wp-block-image size-large\"><img loading=\"lazy\" decoding=\"async\" width=\"300\" height=\"180\" data-id=\"48867\" src=\"https:\/\/radiostudiow.com.br\/site\/wp-content\/uploads\/2026\/03\/SUPREMA-BARBA.png\" alt=\"\" class=\"wp-image-48867\"\/><\/figure>\n\n\n\n<figure class=\"wp-block-image size-large\"><img loading=\"lazy\" decoding=\"async\" width=\"1024\" height=\"614\" data-id=\"49503\" src=\"https:\/\/radiostudiow.com.br\/site\/wp-content\/uploads\/2026\/04\/654201482_1470964768373748_4081698801832202517_n-1-1024x614.jpg\" alt=\"\" class=\"wp-image-49503\" srcset=\"https:\/\/radiostudiow.com.br\/site\/wp-content\/uploads\/2026\/04\/654201482_1470964768373748_4081698801832202517_n-1-1024x614.jpg 1024w, https:\/\/radiostudiow.com.br\/site\/wp-content\/uploads\/2026\/04\/654201482_1470964768373748_4081698801832202517_n-1-300x180.jpg 300w, https:\/\/radiostudiow.com.br\/site\/wp-content\/uploads\/2026\/04\/654201482_1470964768373748_4081698801832202517_n-1-768x461.jpg 768w, https:\/\/radiostudiow.com.br\/site\/wp-content\/uploads\/2026\/04\/654201482_1470964768373748_4081698801832202517_n-1-1536x921.jpg 1536w, https:\/\/radiostudiow.com.br\/site\/wp-content\/uploads\/2026\/04\/654201482_1470964768373748_4081698801832202517_n-1-1000x600.jpg 1000w, https:\/\/radiostudiow.com.br\/site\/wp-content\/uploads\/2026\/04\/654201482_1470964768373748_4081698801832202517_n-1-590x354.jpg 590w, https:\/\/radiostudiow.com.br\/site\/wp-content\/uploads\/2026\/04\/654201482_1470964768373748_4081698801832202517_n-1-400x240.jpg 400w, https:\/\/radiostudiow.com.br\/site\/wp-content\/uploads\/2026\/04\/654201482_1470964768373748_4081698801832202517_n-1.jpg 1672w\" sizes=\"auto, (max-width: 1024px) 100vw, 1024px\" \/><\/figure>\n<\/figure>\n\n\n\n<figure class=\"wp-block-gallery has-nested-images columns-default is-cropped wp-block-gallery-2 is-layout-flex wp-block-gallery-is-layout-flex\">\n<figure class=\"wp-block-image size-large\"><img loading=\"lazy\" decoding=\"async\" width=\"1024\" height=\"497\" data-id=\"49559\" src=\"https:\/\/radiostudiow.com.br\/site\/wp-content\/uploads\/2026\/04\/4afb8adf-6b5e-42d7-9a09-da9792ede1f4-1024x497.jpg\" alt=\"\" class=\"wp-image-49559\" srcset=\"https:\/\/radiostudiow.com.br\/site\/wp-content\/uploads\/2026\/04\/4afb8adf-6b5e-42d7-9a09-da9792ede1f4-1024x497.jpg 1024w, https:\/\/radiostudiow.com.br\/site\/wp-content\/uploads\/2026\/04\/4afb8adf-6b5e-42d7-9a09-da9792ede1f4-300x146.jpg 300w, https:\/\/radiostudiow.com.br\/site\/wp-content\/uploads\/2026\/04\/4afb8adf-6b5e-42d7-9a09-da9792ede1f4-768x373.jpg 768w, https:\/\/radiostudiow.com.br\/site\/wp-content\/uploads\/2026\/04\/4afb8adf-6b5e-42d7-9a09-da9792ede1f4-1536x746.jpg 1536w, https:\/\/radiostudiow.com.br\/site\/wp-content\/uploads\/2026\/04\/4afb8adf-6b5e-42d7-9a09-da9792ede1f4.jpg 1600w\" sizes=\"auto, (max-width: 1024px) 100vw, 1024px\" \/><\/figure>\n\n\n\n<figure class=\"wp-block-image size-large\"><img loading=\"lazy\" decoding=\"async\" width=\"1024\" height=\"497\" data-id=\"49558\" src=\"https:\/\/radiostudiow.com.br\/site\/wp-content\/uploads\/2026\/04\/89378316-e49c-4bd9-82ca-e4e041147231-1024x497.jpg\" alt=\"\" class=\"wp-image-49558\" srcset=\"https:\/\/radiostudiow.com.br\/site\/wp-content\/uploads\/2026\/04\/89378316-e49c-4bd9-82ca-e4e041147231-1024x497.jpg 1024w, https:\/\/radiostudiow.com.br\/site\/wp-content\/uploads\/2026\/04\/89378316-e49c-4bd9-82ca-e4e041147231-300x146.jpg 300w, https:\/\/radiostudiow.com.br\/site\/wp-content\/uploads\/2026\/04\/89378316-e49c-4bd9-82ca-e4e041147231-768x373.jpg 768w, https:\/\/radiostudiow.com.br\/site\/wp-content\/uploads\/2026\/04\/89378316-e49c-4bd9-82ca-e4e041147231-1536x746.jpg 1536w, https:\/\/radiostudiow.com.br\/site\/wp-content\/uploads\/2026\/04\/89378316-e49c-4bd9-82ca-e4e041147231.jpg 1600w\" sizes=\"auto, (max-width: 1024px) 100vw, 1024px\" \/><\/figure>\n<\/figure>\n\n\n\n<p><\/p>\n\n\n\n<p class=\"has-medium-font-size\">Em ambos os casos registrados por c\u00e2meras, n\u00e3o h\u00e1 confirma\u00e7\u00e3o sobre a exist\u00eancia de v\u00edtimas, e os condutores deixaram o local ap\u00f3s as colis\u00f5es.<\/p>\n\n\n\n<h2 class=\"wp-block-heading\">INFORMA\u00c7\u00d5ES: Reda\u00e7\u00e3o da Studio W &#8211; W Not\u00edcias<\/h2>\n\n\n\n<p><\/p>\n","protected":false},"excerpt":{"rendered":"<p>Al\u00e9m do acidente registrado na BR-153 na noite deste domingo (26), outros tr\u00eas sinistros de tr\u00e2nsito foram registrados em diferentes pontos do munic\u00edpio de Mallet entre o final de s\u00e1bado (25) e a madrugada de domingo, conforme informa\u00e7\u00f5es da Pol\u00edcia Militar e imagens divulgadas em redes sociais. De acordo com a Pol\u00edcia Militar de Mallet, [&hellip;]<\/p>\n","protected":false},"author":2,"featured_media":49560,"comment_status":"open","ping_status":"open","sticky":false,"template":"","format":"standard","meta":{"footnotes":""},"categories":[184],"tags":[172],"class_list":["post-49554","post","type-post","status-publish","format-standard","has-post-thumbnail","hentry","category-local","tag-featured"],"amp_enabled":true,"_links":{"self":[{"href":"https:\/\/radiostudiow.com.br\/site\/wp-json\/wp\/v2\/posts\/49554","targetHints":{"allow":["GET"]}}],"collection":[{"href":"https:\/\/radiostudiow.com.br\/site\/wp-json\/wp\/v2\/posts"}],"about":[{"href":"https:\/\/radiostudiow.com.br\/site\/wp-json\/wp\/v2\/types\/post"}],"author":[{"embeddable":true,"href":"https:\/\/radiostudiow.com.br\/site\/wp-json\/wp\/v2\/users\/2"}],"replies":[{"embeddable":true,"href":"https:\/\/radiostudiow.com.br\/site\/wp-json\/wp\/v2\/comments?post=49554"}],"version-history":[{"count":5,"href":"https:\/\/radiostudiow.com.br\/site\/wp-json\/wp\/v2\/posts\/49554\/revisions"}],"predecessor-version":[{"id":49578,"href":"https:\/\/radiostudiow.com.br\/site\/wp-json\/wp\/v2\/posts\/49554\/revisions\/49578"}],"wp:featuredmedia":[{"embeddable":true,"href":"https:\/\/radiostudiow.com.br\/site\/wp-json\/wp\/v2\/media\/49560"}],"wp:attachment":[{"href":"https:\/\/radiostudiow.com.br\/site\/wp-json\/wp\/v2\/media?parent=49554"}],"wp:term":[{"taxonomy":"category","embeddable":true,"href":"https:\/\/radiostudiow.com.br\/site\/wp-json\/wp\/v2\/categories?post=49554"},{"taxonomy":"post_tag","embeddable":true,"href":"https:\/\/radiostudiow.com.br\/site\/wp-json\/wp\/v2\/tags?post=49554"}],"curies":[{"name":"wp","href":"https:\/\/api.w.org\/{rel}","templated":true}]}}