{"id":49565,"date":"2026-04-27T15:55:26","date_gmt":"2026-04-27T18:55:26","guid":{"rendered":"https:\/\/radiostudiow.com.br\/site\/?p=49565"},"modified":"2026-04-27T16:00:34","modified_gmt":"2026-04-27T19:00:34","slug":"adolescente-fica-ferida-apos-colisao-entre-bicicletas-no-centro-de-mallet","status":"publish","type":"post","link":"https:\/\/radiostudiow.com.br\/site\/2026\/04\/27\/adolescente-fica-ferida-apos-colisao-entre-bicicletas-no-centro-de-mallet\/","title":{"rendered":"Adolescente fica ferida ap\u00f3s colis\u00e3o entre bicicletas no centro de Mallet"},"content":{"rendered":"\n<figure class=\"wp-block-image size-full\"><img loading=\"lazy\" decoding=\"async\" width=\"897\" height=\"204\" src=\"https:\/\/radiostudiow.com.br\/site\/wp-content\/uploads\/2025\/03\/image-62.png\" alt=\"\" class=\"wp-image-35859\" srcset=\"https:\/\/radiostudiow.com.br\/site\/wp-content\/uploads\/2025\/03\/image-62.png 897w, https:\/\/radiostudiow.com.br\/site\/wp-content\/uploads\/2025\/03\/image-62-300x68.png 300w, https:\/\/radiostudiow.com.br\/site\/wp-content\/uploads\/2025\/03\/image-62-768x175.png 768w\" sizes=\"auto, (max-width: 897px) 100vw, 897px\" \/><\/figure>\n\n\n\n<p class=\"has-medium-font-size\">Na noite deste s\u00e1bado, dia 25 de abril, por volta das 21h40, a Pol\u00edcia Militar de Mallet, por meio do 3\u00ba Pelot\u00e3o, foi acionada para atender a um acidente envolvendo dois ciclistas na \u00e1rea central do munic\u00edpio.<\/p>\n\n\n\n<p class=\"has-medium-font-size\"><strong>A ocorr\u00eancia foi registrada na Avenida Jo\u00e3o Pessoa, nas proximidades da C\u00e2mara de Vereadores de Mallet. Diante da situa\u00e7\u00e3o, os policiais acionaram imediatamente os Brigadistas Comunit\u00e1rios e a ambul\u00e2ncia de plant\u00e3o para prestar atendimento \u00e0s v\u00edtimas.<\/strong><\/p>\n\n\n\n<h2 class=\"wp-block-heading\" style=\"font-size:23px\"><strong>Uma adolescente, de 16 anos, sofreu ferimentos e foi encaminhada ao Hospital de Caridade S\u00e3o Pedro para avalia\u00e7\u00e3o m\u00e9dica.<\/strong><\/h2>\n\n\n\n<p><\/p>\n\n\n\n<figure class=\"wp-block-image size-large\"><img loading=\"lazy\" decoding=\"async\" width=\"1024\" height=\"769\" src=\"https:\/\/radiostudiow.com.br\/site\/wp-content\/uploads\/2026\/04\/0f330701-a8f0-454a-94bf-bb37f07ccc42-1024x769.jpg\" alt=\"\" class=\"wp-image-49566\" srcset=\"https:\/\/radiostudiow.com.br\/site\/wp-content\/uploads\/2026\/04\/0f330701-a8f0-454a-94bf-bb37f07ccc42-1024x769.jpg 1024w, https:\/\/radiostudiow.com.br\/site\/wp-content\/uploads\/2026\/04\/0f330701-a8f0-454a-94bf-bb37f07ccc42-300x225.jpg 300w, https:\/\/radiostudiow.com.br\/site\/wp-content\/uploads\/2026\/04\/0f330701-a8f0-454a-94bf-bb37f07ccc42-768x576.jpg 768w, https:\/\/radiostudiow.com.br\/site\/wp-content\/uploads\/2026\/04\/0f330701-a8f0-454a-94bf-bb37f07ccc42-1536x1153.jpg 1536w, https:\/\/radiostudiow.com.br\/site\/wp-content\/uploads\/2026\/04\/0f330701-a8f0-454a-94bf-bb37f07ccc42.jpg 1600w\" sizes=\"auto, (max-width: 1024px) 100vw, 1024px\" \/><\/figure>\n\n\n\n<figure class=\"wp-block-gallery has-nested-images columns-default is-cropped wp-block-gallery-1 is-layout-flex wp-block-gallery-is-layout-flex\">\n<figure class=\"wp-block-image size-large\"><img loading=\"lazy\" decoding=\"async\" width=\"300\" height=\"180\" data-id=\"41962\" src=\"https:\/\/radiostudiow.com.br\/site\/wp-content\/uploads\/2025\/08\/LILO.png\" alt=\"\" class=\"wp-image-41962\"\/><\/figure>\n\n\n\n<figure class=\"wp-block-image size-large\"><img loading=\"lazy\" decoding=\"async\" width=\"300\" height=\"180\" data-id=\"37219\" src=\"https:\/\/radiostudiow.com.br\/site\/wp-content\/uploads\/2025\/04\/AGRODU.png\" alt=\"\" class=\"wp-image-37219\"\/><\/figure>\n<\/figure>\n\n\n\n<p><\/p>\n\n\n\n<p class=\"has-medium-font-size\">Durante o atendimento da ocorr\u00eancia, a equipe da Pol\u00edcia Militar realizou o controle do tr\u00e1fego e garantiu a seguran\u00e7a no local, possibilitando o trabalho das equipes de socorro.<\/p>\n\n\n\n<h2 class=\"wp-block-heading\">Informa\u00e7\u00f5es: 3\u00ba Pelot\u00e3o da policia Militar de Mallet <\/h2>\n\n\n\n<figure class=\"wp-block-image size-large\"><img loading=\"lazy\" decoding=\"async\" width=\"724\" height=\"1024\" src=\"https:\/\/radiostudiow.com.br\/site\/wp-content\/uploads\/2026\/04\/WhatsApp-Image-2026-04-20-at-17.14.14-724x1024.jpeg\" alt=\"\" class=\"wp-image-49570\" srcset=\"https:\/\/radiostudiow.com.br\/site\/wp-content\/uploads\/2026\/04\/WhatsApp-Image-2026-04-20-at-17.14.14-724x1024.jpeg 724w, https:\/\/radiostudiow.com.br\/site\/wp-content\/uploads\/2026\/04\/WhatsApp-Image-2026-04-20-at-17.14.14-212x300.jpeg 212w, https:\/\/radiostudiow.com.br\/site\/wp-content\/uploads\/2026\/04\/WhatsApp-Image-2026-04-20-at-17.14.14-768x1086.jpeg 768w, https:\/\/radiostudiow.com.br\/site\/wp-content\/uploads\/2026\/04\/WhatsApp-Image-2026-04-20-at-17.14.14-1086x1536.jpeg 1086w, https:\/\/radiostudiow.com.br\/site\/wp-content\/uploads\/2026\/04\/WhatsApp-Image-2026-04-20-at-17.14.14-1448x2048.jpeg 1448w, https:\/\/radiostudiow.com.br\/site\/wp-content\/uploads\/2026\/04\/WhatsApp-Image-2026-04-20-at-17.14.14.jpeg 1810w\" sizes=\"auto, (max-width: 724px) 100vw, 724px\" \/><\/figure>\n","protected":false},"excerpt":{"rendered":"<p>Na noite deste s\u00e1bado, dia 25 de abril, por volta das 21h40, a Pol\u00edcia Militar de Mallet, por meio do 3\u00ba Pelot\u00e3o, foi acionada para atender a um acidente envolvendo dois ciclistas na \u00e1rea central do munic\u00edpio. A ocorr\u00eancia foi registrada na Avenida Jo\u00e3o Pessoa, nas proximidades da C\u00e2mara de Vereadores de Mallet. Diante da [&hellip;]<\/p>\n","protected":false},"author":2,"featured_media":49567,"comment_status":"open","ping_status":"open","sticky":false,"template":"","format":"standard","meta":{"footnotes":""},"categories":[184],"tags":[172],"class_list":["post-49565","post","type-post","status-publish","format-standard","has-post-thumbnail","hentry","category-local","tag-featured"],"amp_enabled":true,"_links":{"self":[{"href":"https:\/\/radiostudiow.com.br\/site\/wp-json\/wp\/v2\/posts\/49565","targetHints":{"allow":["GET"]}}],"collection":[{"href":"https:\/\/radiostudiow.com.br\/site\/wp-json\/wp\/v2\/posts"}],"about":[{"href":"https:\/\/radiostudiow.com.br\/site\/wp-json\/wp\/v2\/types\/post"}],"author":[{"embeddable":true,"href":"https:\/\/radiostudiow.com.br\/site\/wp-json\/wp\/v2\/users\/2"}],"replies":[{"embeddable":true,"href":"https:\/\/radiostudiow.com.br\/site\/wp-json\/wp\/v2\/comments?post=49565"}],"version-history":[{"count":2,"href":"https:\/\/radiostudiow.com.br\/site\/wp-json\/wp\/v2\/posts\/49565\/revisions"}],"predecessor-version":[{"id":49571,"href":"https:\/\/radiostudiow.com.br\/site\/wp-json\/wp\/v2\/posts\/49565\/revisions\/49571"}],"wp:featuredmedia":[{"embeddable":true,"href":"https:\/\/radiostudiow.com.br\/site\/wp-json\/wp\/v2\/media\/49567"}],"wp:attachment":[{"href":"https:\/\/radiostudiow.com.br\/site\/wp-json\/wp\/v2\/media?parent=49565"}],"wp:term":[{"taxonomy":"category","embeddable":true,"href":"https:\/\/radiostudiow.com.br\/site\/wp-json\/wp\/v2\/categories?post=49565"},{"taxonomy":"post_tag","embeddable":true,"href":"https:\/\/radiostudiow.com.br\/site\/wp-json\/wp\/v2\/tags?post=49565"}],"curies":[{"name":"wp","href":"https:\/\/api.w.org\/{rel}","templated":true}]}}