{"id":49596,"date":"2026-04-27T18:39:25","date_gmt":"2026-04-27T21:39:25","guid":{"rendered":"https:\/\/radiostudiow.com.br\/site\/?p=49596"},"modified":"2026-04-27T18:39:25","modified_gmt":"2026-04-27T21:39:25","slug":"governo-do-parana-libera-r-324-milhoes-em-investimentos-rio-azul-sera-contemplado-com-mais-de-r-13-milhoes","status":"publish","type":"post","link":"https:\/\/radiostudiow.com.br\/site\/2026\/04\/27\/governo-do-parana-libera-r-324-milhoes-em-investimentos-rio-azul-sera-contemplado-com-mais-de-r-13-milhoes\/","title":{"rendered":"Governo do Paran\u00e1 libera R$ 324 Milh\u00f5es em Investimentos; Rio Azul ser\u00e1 contemplado com mais de R$ 13 Milh\u00f5es"},"content":{"rendered":"\n<figure class=\"wp-block-image size-full\"><img loading=\"lazy\" decoding=\"async\" width=\"598\" height=\"204\" src=\"https:\/\/radiostudiow.com.br\/site\/wp-content\/uploads\/2024\/10\/labirati.png\" alt=\"\" class=\"wp-image-28854\" srcset=\"https:\/\/radiostudiow.com.br\/site\/wp-content\/uploads\/2024\/10\/labirati.png 598w, https:\/\/radiostudiow.com.br\/site\/wp-content\/uploads\/2024\/10\/labirati-300x102.png 300w\" sizes=\"auto, (max-width: 598px) 100vw, 598px\" \/><\/figure>\n\n\n\n<p class=\"has-text-align-center\"><em>Por: Clayton Burgath \u2013 jornalista<\/em><\/p>\n\n\n\n<p>Nesta segunda-feira, 27 de abril, o Governador Carlos Massa Ratinho Junior anunciou a libera\u00e7\u00e3o de um pacote de investimentos que soma R$ 324 milh\u00f5es para nove munic\u00edpios paranaenses, contemplando obras nas \u00e1reas de infraestrutura, educa\u00e7\u00e3o, mobilidade urbana e desenvolvimento regional.<\/p>\n\n\n\n<p>Segundo o governador, os recursos fazem parte de um conjunto cont\u00ednuo de investimentos realizados pelo Estado para acompanhar o crescimento das cidades.<\/p>\n\n\n\n<p><strong><em>\u201cEsse \u00e9 um grande pacote de investimentos que temos nos munic\u00edpios e que vem desde o in\u00edcio do nosso governo sem parar, at\u00e9 porque as cidades v\u00eam crescendo e t\u00eam necessidade de mais aportes\u201d, <\/em><\/strong><em>destacou.<\/em><\/p>\n\n\n\n<p>Entre os programas citados est\u00e3o o \u201cEstrada Boa\u201d, voltado \u00e0 pavimenta\u00e7\u00e3o rural, e o \u201cAsfalto Novo, Vida Nova\u201d, que busca levar infraestrutura completa para \u00e1reas urbanas, incluindo cal\u00e7adas, drenagem, ilumina\u00e7\u00e3o e pavimenta\u00e7\u00e3o.<\/p>\n\n\n\n<p>No Centro-Sul do Paran\u00e1, o munic\u00edpio de Rio Azul foi contemplado com um investimento de aproximadamente R$ 13,1 milh\u00f5es, destinado a importantes obras estruturantes.<\/p>\n\n\n\n<figure class=\"wp-block-image size-full\"><img loading=\"lazy\" decoding=\"async\" width=\"897\" height=\"204\" src=\"https:\/\/radiostudiow.com.br\/site\/wp-content\/uploads\/2025\/03\/image-62.png\" alt=\"\" class=\"wp-image-35859\" srcset=\"https:\/\/radiostudiow.com.br\/site\/wp-content\/uploads\/2025\/03\/image-62.png 897w, https:\/\/radiostudiow.com.br\/site\/wp-content\/uploads\/2025\/03\/image-62-300x68.png 300w, https:\/\/radiostudiow.com.br\/site\/wp-content\/uploads\/2025\/03\/image-62-768x175.png 768w\" sizes=\"auto, (max-width: 897px) 100vw, 897px\" \/><\/figure>\n\n\n\n<h2 class=\"wp-block-heading\">Os recursos ser\u00e3o aplicados em:<\/h2>\n\n\n\n<p><strong>Constru\u00e7\u00e3o de uma nova creche<\/strong><br><strong>Pavimenta\u00e7\u00e3o de vias urbanas com CBUQ<\/strong><br><strong>Constru\u00e7\u00e3o de uma ponte sobre o Rio Potinga<\/strong><\/p>\n\n\n\n<p>A ponte ter\u00e1 cerca de 40 metros de extens\u00e3o, com v\u00e3o livre de 37 metros, e far\u00e1 a liga\u00e7\u00e3o com o munic\u00edpio de Rebou\u00e7as. A obra j\u00e1 est\u00e1 autorizada para execu\u00e7\u00e3o e \u00e9 considerada estrat\u00e9gica para a mobilidade e o desenvolvimento regional.<\/p>\n\n\n\n<p>O prefeito Leandro Jasinski destacou a import\u00e2ncia dos recursos para o desenvolvimento local.<strong><em> \u201cS\u00e3o investimentos muito importantes que v\u00eam fortalecer a infraestrutura do nosso munic\u00edpio, melhorar a mobilidade e garantir mais qualidade de vida para a popula\u00e7\u00e3o. A parceria com o Governo do Estado tem sido fundamental para que possamos avan\u00e7ar em obras que fazem a diferen\u00e7a no dia a dia das pessoas\u201d<\/em><\/strong><em>, afirmou.<\/em><\/p>\n\n\n\n<h2 class=\"wp-block-heading\">Investimentos em todo o Estado<\/h2>\n\n\n\n<p>Na Regi\u00e3o Metropolitana de Curitiba, Sul, Campos Gerais e outras \u00e1reas do Estado, os investimentos incluem pavimenta\u00e7\u00e3o urbana e rural, constru\u00e7\u00e3o de creches, compra de equipamentos e ve\u00edculos, al\u00e9m de melhorias em escolas e infraestrutura p\u00fablica. O pacote tamb\u00e9m contempla a\u00e7\u00f5es voltadas ao desenvolvimento econ\u00f4mico, como constru\u00e7\u00e3o de barrac\u00f5es industriais e incentivo \u00e0 log\u00edstica municipal.<\/p>\n","protected":false},"excerpt":{"rendered":"<p>Por: Clayton Burgath \u2013 jornalista Nesta segunda-feira, 27 de abril, o Governador Carlos Massa Ratinho Junior anunciou a libera\u00e7\u00e3o de um pacote de investimentos que soma R$ 324 milh\u00f5es para nove munic\u00edpios paranaenses, contemplando obras nas \u00e1reas de infraestrutura, educa\u00e7\u00e3o, mobilidade urbana e desenvolvimento regional. Segundo o governador, os recursos fazem parte de um conjunto [&hellip;]<\/p>\n","protected":false},"author":2,"featured_media":49597,"comment_status":"open","ping_status":"open","sticky":false,"template":"","format":"standard","meta":{"footnotes":""},"categories":[196],"tags":[172],"class_list":["post-49596","post","type-post","status-publish","format-standard","has-post-thumbnail","hentry","category-politica","tag-featured"],"amp_enabled":true,"_links":{"self":[{"href":"https:\/\/radiostudiow.com.br\/site\/wp-json\/wp\/v2\/posts\/49596","targetHints":{"allow":["GET"]}}],"collection":[{"href":"https:\/\/radiostudiow.com.br\/site\/wp-json\/wp\/v2\/posts"}],"about":[{"href":"https:\/\/radiostudiow.com.br\/site\/wp-json\/wp\/v2\/types\/post"}],"author":[{"embeddable":true,"href":"https:\/\/radiostudiow.com.br\/site\/wp-json\/wp\/v2\/users\/2"}],"replies":[{"embeddable":true,"href":"https:\/\/radiostudiow.com.br\/site\/wp-json\/wp\/v2\/comments?post=49596"}],"version-history":[{"count":1,"href":"https:\/\/radiostudiow.com.br\/site\/wp-json\/wp\/v2\/posts\/49596\/revisions"}],"predecessor-version":[{"id":49598,"href":"https:\/\/radiostudiow.com.br\/site\/wp-json\/wp\/v2\/posts\/49596\/revisions\/49598"}],"wp:featuredmedia":[{"embeddable":true,"href":"https:\/\/radiostudiow.com.br\/site\/wp-json\/wp\/v2\/media\/49597"}],"wp:attachment":[{"href":"https:\/\/radiostudiow.com.br\/site\/wp-json\/wp\/v2\/media?parent=49596"}],"wp:term":[{"taxonomy":"category","embeddable":true,"href":"https:\/\/radiostudiow.com.br\/site\/wp-json\/wp\/v2\/categories?post=49596"},{"taxonomy":"post_tag","embeddable":true,"href":"https:\/\/radiostudiow.com.br\/site\/wp-json\/wp\/v2\/tags?post=49596"}],"curies":[{"name":"wp","href":"https:\/\/api.w.org\/{rel}","templated":true}]}}