{"id":49599,"date":"2026-04-27T18:44:43","date_gmt":"2026-04-27T21:44:43","guid":{"rendered":"https:\/\/radiostudiow.com.br\/site\/?p=49599"},"modified":"2026-04-27T18:44:44","modified_gmt":"2026-04-27T21:44:44","slug":"homem-denuncia-agressao-e-ameaca-com-faca-por-ex-namorada-em-reboucas","status":"publish","type":"post","link":"https:\/\/radiostudiow.com.br\/site\/2026\/04\/27\/homem-denuncia-agressao-e-ameaca-com-faca-por-ex-namorada-em-reboucas\/","title":{"rendered":"Homem denuncia agress\u00e3o e amea\u00e7a com faca por ex-namorada em Rebou\u00e7as"},"content":{"rendered":"\n<figure class=\"wp-block-image size-full\"><img loading=\"lazy\" decoding=\"async\" width=\"598\" height=\"204\" src=\"https:\/\/radiostudiow.com.br\/site\/wp-content\/uploads\/2025\/04\/BOROX.png\" alt=\"\" class=\"wp-image-37229\" srcset=\"https:\/\/radiostudiow.com.br\/site\/wp-content\/uploads\/2025\/04\/BOROX.png 598w, https:\/\/radiostudiow.com.br\/site\/wp-content\/uploads\/2025\/04\/BOROX-300x102.png 300w\" sizes=\"auto, (max-width: 598px) 100vw, 598px\" \/><\/figure>\n\n\n\n<p>Um homem compareceu \u00e0 sede da Pol\u00edcia Militar do Rebou\u00e7as por volta das 14h15min deste s\u00e1bado, 25 de abril, relatando ter sido v\u00edtima de agress\u00f5es praticadas por sua ex-namorada durante a madrugada, em sua resid\u00eancia.<\/p>\n\n\n\n<p>De acordo com o solicitante, a situa\u00e7\u00e3o ocorreu por volta das 5 horas, quando a autora teria ido at\u00e9 o local para conversar, mas, motivada por ci\u00fames, passou a ofend\u00ea-lo e, em seguida, iniciou as agress\u00f5es.<\/p>\n\n\n\n<p>A v\u00edtima afirmou ter sido atingida com socos na regi\u00e3o dos olhos, al\u00e9m de ter sido segurada pelo pesco\u00e7o, sofrido arranh\u00f5es e duas mordidas no bra\u00e7o esquerdo, bem como les\u00f5es nas pernas.<\/p>\n\n\n\n<p>O homem tamb\u00e9m relatou que, durante toda a a\u00e7\u00e3o, a mulher estava com uma faca em m\u00e3os, utilizando o objeto como forma de intimida\u00e7\u00e3o, o que o fez se sentir amea\u00e7ado.<\/p>\n\n\n\n<p>Questionado sobre o motivo de n\u00e3o ter acionado a pol\u00edcia no momento dos fatos, ele informou que ficou sem rea\u00e7\u00e3o diante da situa\u00e7\u00e3o, decidindo registrar a ocorr\u00eancia apenas horas depois.<\/p>\n\n\n\n<figure class=\"wp-block-image size-large\"><img loading=\"lazy\" decoding=\"async\" width=\"1024\" height=\"335\" src=\"https:\/\/radiostudiow.com.br\/site\/wp-content\/uploads\/2025\/12\/novo-Rodape-1024x335.png\" alt=\"\" class=\"wp-image-45379\" srcset=\"https:\/\/radiostudiow.com.br\/site\/wp-content\/uploads\/2025\/12\/novo-Rodape-1024x335.png 1024w, https:\/\/radiostudiow.com.br\/site\/wp-content\/uploads\/2025\/12\/novo-Rodape-300x98.png 300w, https:\/\/radiostudiow.com.br\/site\/wp-content\/uploads\/2025\/12\/novo-Rodape-768x251.png 768w, https:\/\/radiostudiow.com.br\/site\/wp-content\/uploads\/2025\/12\/novo-Rodape-1536x503.png 1536w, https:\/\/radiostudiow.com.br\/site\/wp-content\/uploads\/2025\/12\/novo-Rodape-2048x670.png 2048w\" sizes=\"auto, (max-width: 1024px) 100vw, 1024px\" \/><\/figure>\n","protected":false},"excerpt":{"rendered":"<p>Um homem compareceu \u00e0 sede da Pol\u00edcia Militar do Rebou\u00e7as por volta das 14h15min deste s\u00e1bado, 25 de abril, relatando ter sido v\u00edtima de agress\u00f5es praticadas por sua ex-namorada durante a madrugada, em sua resid\u00eancia. De acordo com o solicitante, a situa\u00e7\u00e3o ocorreu por volta das 5 horas, quando a autora teria ido at\u00e9 o [&hellip;]<\/p>\n","protected":false},"author":2,"featured_media":32852,"comment_status":"open","ping_status":"open","sticky":false,"template":"","format":"standard","meta":{"footnotes":""},"categories":[2],"tags":[172],"class_list":["post-49599","post","type-post","status-publish","format-standard","has-post-thumbnail","hentry","category-policial","tag-featured"],"amp_enabled":true,"_links":{"self":[{"href":"https:\/\/radiostudiow.com.br\/site\/wp-json\/wp\/v2\/posts\/49599","targetHints":{"allow":["GET"]}}],"collection":[{"href":"https:\/\/radiostudiow.com.br\/site\/wp-json\/wp\/v2\/posts"}],"about":[{"href":"https:\/\/radiostudiow.com.br\/site\/wp-json\/wp\/v2\/types\/post"}],"author":[{"embeddable":true,"href":"https:\/\/radiostudiow.com.br\/site\/wp-json\/wp\/v2\/users\/2"}],"replies":[{"embeddable":true,"href":"https:\/\/radiostudiow.com.br\/site\/wp-json\/wp\/v2\/comments?post=49599"}],"version-history":[{"count":2,"href":"https:\/\/radiostudiow.com.br\/site\/wp-json\/wp\/v2\/posts\/49599\/revisions"}],"predecessor-version":[{"id":49601,"href":"https:\/\/radiostudiow.com.br\/site\/wp-json\/wp\/v2\/posts\/49599\/revisions\/49601"}],"wp:featuredmedia":[{"embeddable":true,"href":"https:\/\/radiostudiow.com.br\/site\/wp-json\/wp\/v2\/media\/32852"}],"wp:attachment":[{"href":"https:\/\/radiostudiow.com.br\/site\/wp-json\/wp\/v2\/media?parent=49599"}],"wp:term":[{"taxonomy":"category","embeddable":true,"href":"https:\/\/radiostudiow.com.br\/site\/wp-json\/wp\/v2\/categories?post=49599"},{"taxonomy":"post_tag","embeddable":true,"href":"https:\/\/radiostudiow.com.br\/site\/wp-json\/wp\/v2\/tags?post=49599"}],"curies":[{"name":"wp","href":"https:\/\/api.w.org\/{rel}","templated":true}]}}