{"id":49602,"date":"2026-04-28T09:55:59","date_gmt":"2026-04-28T12:55:59","guid":{"rendered":"https:\/\/radiostudiow.com.br\/site\/?p=49602"},"modified":"2026-04-28T09:55:59","modified_gmt":"2026-04-28T12:55:59","slug":"homem-fica-ferido-apos-confusao-proximo-a-rodoviaria-em-reboucas","status":"publish","type":"post","link":"https:\/\/radiostudiow.com.br\/site\/2026\/04\/28\/homem-fica-ferido-apos-confusao-proximo-a-rodoviaria-em-reboucas\/","title":{"rendered":"Homem fica ferido ap\u00f3s confus\u00e3o pr\u00f3ximo \u00e0 rodovi\u00e1ria em Rebou\u00e7as"},"content":{"rendered":"\n<figure class=\"wp-block-image size-full\"><img loading=\"lazy\" decoding=\"async\" width=\"731\" height=\"204\" src=\"https:\/\/radiostudiow.com.br\/site\/wp-content\/uploads\/2026\/01\/BARROS-2026.png\" alt=\"\" class=\"wp-image-46173\" srcset=\"https:\/\/radiostudiow.com.br\/site\/wp-content\/uploads\/2026\/01\/BARROS-2026.png 731w, https:\/\/radiostudiow.com.br\/site\/wp-content\/uploads\/2026\/01\/BARROS-2026-300x84.png 300w\" sizes=\"auto, (max-width: 731px) 100vw, 731px\" \/><\/figure>\n\n\n\n<p>A equipe da Pol\u00edcia Militar de  Rebou\u00e7as atendeu uma ocorr\u00eancia de les\u00e3o corporal na madrugada deste domingo (26).<\/p>\n\n\n\n<p>Por volta das 2h, a equipe foi acionada para comparecer ao Hospital Dona Darcy Vargas, onde um homem havia dado entrada ap\u00f3s ser socorrido pelo bombeiro comunit\u00e1rio com ferimentos na cabe\u00e7a.<\/p>\n\n\n\n<p>No local, a v\u00edtima, que apresentava sinais de embriaguez, n\u00e3o conseguiu relatar o ocorrido. Um amigo que o acompanhava informou que ambos estavam em um bar ingerindo bebidas alco\u00f3licas e, ao retornarem para casa, nas proximidades da rodovi\u00e1ria, houve um desentendimento com um casal, que n\u00e3o foi identificado.<\/p>\n\n\n\n<p>Segundo o relato, durante a confus\u00e3o, o homem foi atingido por uma pedra arremessada, sofrendo ferimento na regi\u00e3o da testa, al\u00e9m de outra les\u00e3o na parte posterior da cabe\u00e7a.<\/p>\n\n\n\n<p>Diante da aus\u00eancia de informa\u00e7\u00f5es precisas sobre a autoria, foi lavrado o boletim de ocorr\u00eancia. A equipe tamb\u00e9m forneceu encaminhamento para laudo de les\u00f5es corporais e orientou a fam\u00edlia da v\u00edtima quanto aos procedimentos legais para eventual representa\u00e7\u00e3o.<\/p>\n\n\n\n<figure class=\"wp-block-image size-full\"><img loading=\"lazy\" decoding=\"async\" width=\"598\" height=\"204\" src=\"https:\/\/radiostudiow.com.br\/site\/wp-content\/uploads\/2025\/04\/BOROX.png\" alt=\"\" class=\"wp-image-37229\" srcset=\"https:\/\/radiostudiow.com.br\/site\/wp-content\/uploads\/2025\/04\/BOROX.png 598w, https:\/\/radiostudiow.com.br\/site\/wp-content\/uploads\/2025\/04\/BOROX-300x102.png 300w\" sizes=\"auto, (max-width: 598px) 100vw, 598px\" \/><\/figure>\n","protected":false},"excerpt":{"rendered":"<p>A equipe da Pol\u00edcia Militar de Rebou\u00e7as atendeu uma ocorr\u00eancia de les\u00e3o corporal na madrugada deste domingo (26). Por volta das 2h, a equipe foi acionada para comparecer ao Hospital Dona Darcy Vargas, onde um homem havia dado entrada ap\u00f3s ser socorrido pelo bombeiro comunit\u00e1rio com ferimentos na cabe\u00e7a. No local, a v\u00edtima, que apresentava [&hellip;]<\/p>\n","protected":false},"author":2,"featured_media":35298,"comment_status":"open","ping_status":"open","sticky":false,"template":"","format":"standard","meta":{"footnotes":""},"categories":[2],"tags":[172],"class_list":["post-49602","post","type-post","status-publish","format-standard","has-post-thumbnail","hentry","category-policial","tag-featured"],"amp_enabled":true,"_links":{"self":[{"href":"https:\/\/radiostudiow.com.br\/site\/wp-json\/wp\/v2\/posts\/49602","targetHints":{"allow":["GET"]}}],"collection":[{"href":"https:\/\/radiostudiow.com.br\/site\/wp-json\/wp\/v2\/posts"}],"about":[{"href":"https:\/\/radiostudiow.com.br\/site\/wp-json\/wp\/v2\/types\/post"}],"author":[{"embeddable":true,"href":"https:\/\/radiostudiow.com.br\/site\/wp-json\/wp\/v2\/users\/2"}],"replies":[{"embeddable":true,"href":"https:\/\/radiostudiow.com.br\/site\/wp-json\/wp\/v2\/comments?post=49602"}],"version-history":[{"count":3,"href":"https:\/\/radiostudiow.com.br\/site\/wp-json\/wp\/v2\/posts\/49602\/revisions"}],"predecessor-version":[{"id":49609,"href":"https:\/\/radiostudiow.com.br\/site\/wp-json\/wp\/v2\/posts\/49602\/revisions\/49609"}],"wp:featuredmedia":[{"embeddable":true,"href":"https:\/\/radiostudiow.com.br\/site\/wp-json\/wp\/v2\/media\/35298"}],"wp:attachment":[{"href":"https:\/\/radiostudiow.com.br\/site\/wp-json\/wp\/v2\/media?parent=49602"}],"wp:term":[{"taxonomy":"category","embeddable":true,"href":"https:\/\/radiostudiow.com.br\/site\/wp-json\/wp\/v2\/categories?post=49602"},{"taxonomy":"post_tag","embeddable":true,"href":"https:\/\/radiostudiow.com.br\/site\/wp-json\/wp\/v2\/tags?post=49602"}],"curies":[{"name":"wp","href":"https:\/\/api.w.org\/{rel}","templated":true}]}}