{"id":49605,"date":"2026-04-27T18:49:09","date_gmt":"2026-04-27T21:49:09","guid":{"rendered":"https:\/\/radiostudiow.com.br\/site\/?p=49605"},"modified":"2026-04-27T18:49:09","modified_gmt":"2026-04-27T21:49:09","slug":"ameacas-e-tentativa-de-incendio-mobilizam-policia-militar-de-rio-azul","status":"publish","type":"post","link":"https:\/\/radiostudiow.com.br\/site\/2026\/04\/27\/ameacas-e-tentativa-de-incendio-mobilizam-policia-militar-de-rio-azul\/","title":{"rendered":"Amea\u00e7as e tentativa de inc\u00eandio mobilizam Pol\u00edcia Militar de Rio Azul"},"content":{"rendered":"\n<figure class=\"wp-block-image size-full\"><img loading=\"lazy\" decoding=\"async\" width=\"731\" height=\"204\" src=\"https:\/\/radiostudiow.com.br\/site\/wp-content\/uploads\/2025\/10\/ZAIONS.png\" alt=\"\" class=\"wp-image-44147\" srcset=\"https:\/\/radiostudiow.com.br\/site\/wp-content\/uploads\/2025\/10\/ZAIONS.png 731w, https:\/\/radiostudiow.com.br\/site\/wp-content\/uploads\/2025\/10\/ZAIONS-300x84.png 300w\" sizes=\"auto, (max-width: 731px) 100vw, 731px\" \/><\/figure>\n\n\n\n<p><strong>Tr\u00eas ocorr\u00eancias foram registradas em diferentes bairros de Rio Azul<\/strong> <strong>durante o s\u00e1bado (25)<\/strong>.<\/p>\n\n\n\n<p>A primeira situa\u00e7\u00e3o foi registrada por volta das 9h30 na Vila Mirotto. No local, o solicitante relatou que seu ex-padrasto teria ido at\u00e9 sua resid\u00eancia e feito amea\u00e7as contra sua integridade f\u00edsica, fugindo em seguida. A v\u00edtima recebeu orienta\u00e7\u00f5es quanto aos procedimentos legais.<\/p>\n\n\n\n<p>J\u00e1 \u00e0s 18h, a equipe deslocou at\u00e9 a Vila Girardi ap\u00f3s den\u00fancia de amea\u00e7as. No local, a v\u00edtima informou que teve um desacordo comercial com um indiv\u00edduo, que passou a intimid\u00e1-la. Os envolvidos foram encaminhados ao destacamento policial, onde prestaram esclarecimentos. Foi lavrado termo circunstanciado para apura\u00e7\u00e3o dos fatos.<\/p>\n\n\n\n<p>A terceira ocorr\u00eancia foi registrada por volta das 21h30, na localidade de Taquari. Segundo o solicitante, tr\u00eas indiv\u00edduos teriam ateado fogo em seu barrac\u00e3o e fugido logo ap\u00f3s a a\u00e7\u00e3o. Apesar do ataque, a pr\u00f3pria v\u00edtima conseguiu conter as chamas, evitando maiores danos \u00e0 estrutura e ao interior do im\u00f3vel.<\/p>\n\n\n\n<p>A equipe policial realizou patrulhamentos nas imedia\u00e7\u00f5es, por\u00e9m nenhum suspeito foi localizado.<\/p>\n\n\n\n<figure class=\"wp-block-image size-full\"><img loading=\"lazy\" decoding=\"async\" width=\"598\" height=\"204\" src=\"https:\/\/radiostudiow.com.br\/site\/wp-content\/uploads\/2025\/05\/POLAK.png\" alt=\"\" class=\"wp-image-37847\" srcset=\"https:\/\/radiostudiow.com.br\/site\/wp-content\/uploads\/2025\/05\/POLAK.png 598w, https:\/\/radiostudiow.com.br\/site\/wp-content\/uploads\/2025\/05\/POLAK-300x102.png 300w\" sizes=\"auto, (max-width: 598px) 100vw, 598px\" \/><\/figure>\n","protected":false},"excerpt":{"rendered":"<p>Tr\u00eas ocorr\u00eancias foram registradas em diferentes bairros de Rio Azul durante o s\u00e1bado (25). A primeira situa\u00e7\u00e3o foi registrada por volta das 9h30 na Vila Mirotto. No local, o solicitante relatou que seu ex-padrasto teria ido at\u00e9 sua resid\u00eancia e feito amea\u00e7as contra sua integridade f\u00edsica, fugindo em seguida. A v\u00edtima recebeu orienta\u00e7\u00f5es quanto aos [&hellip;]<\/p>\n","protected":false},"author":2,"featured_media":47655,"comment_status":"open","ping_status":"open","sticky":false,"template":"","format":"standard","meta":{"footnotes":""},"categories":[2],"tags":[172],"class_list":["post-49605","post","type-post","status-publish","format-standard","has-post-thumbnail","hentry","category-policial","tag-featured"],"amp_enabled":true,"_links":{"self":[{"href":"https:\/\/radiostudiow.com.br\/site\/wp-json\/wp\/v2\/posts\/49605","targetHints":{"allow":["GET"]}}],"collection":[{"href":"https:\/\/radiostudiow.com.br\/site\/wp-json\/wp\/v2\/posts"}],"about":[{"href":"https:\/\/radiostudiow.com.br\/site\/wp-json\/wp\/v2\/types\/post"}],"author":[{"embeddable":true,"href":"https:\/\/radiostudiow.com.br\/site\/wp-json\/wp\/v2\/users\/2"}],"replies":[{"embeddable":true,"href":"https:\/\/radiostudiow.com.br\/site\/wp-json\/wp\/v2\/comments?post=49605"}],"version-history":[{"count":1,"href":"https:\/\/radiostudiow.com.br\/site\/wp-json\/wp\/v2\/posts\/49605\/revisions"}],"predecessor-version":[{"id":49606,"href":"https:\/\/radiostudiow.com.br\/site\/wp-json\/wp\/v2\/posts\/49605\/revisions\/49606"}],"wp:featuredmedia":[{"embeddable":true,"href":"https:\/\/radiostudiow.com.br\/site\/wp-json\/wp\/v2\/media\/47655"}],"wp:attachment":[{"href":"https:\/\/radiostudiow.com.br\/site\/wp-json\/wp\/v2\/media?parent=49605"}],"wp:term":[{"taxonomy":"category","embeddable":true,"href":"https:\/\/radiostudiow.com.br\/site\/wp-json\/wp\/v2\/categories?post=49605"},{"taxonomy":"post_tag","embeddable":true,"href":"https:\/\/radiostudiow.com.br\/site\/wp-json\/wp\/v2\/tags?post=49605"}],"curies":[{"name":"wp","href":"https:\/\/api.w.org\/{rel}","templated":true}]}}