{"id":49611,"date":"2026-04-28T16:18:41","date_gmt":"2026-04-28T19:18:41","guid":{"rendered":"https:\/\/radiostudiow.com.br\/site\/?p=49611"},"modified":"2026-04-28T16:18:41","modified_gmt":"2026-04-28T19:18:41","slug":"residencia-abandonada-e-carreta-foram-atingidas-por-incendio-em-reboucas","status":"publish","type":"post","link":"https:\/\/radiostudiow.com.br\/site\/2026\/04\/28\/residencia-abandonada-e-carreta-foram-atingidas-por-incendio-em-reboucas\/","title":{"rendered":"Resid\u00eancia abandonada e carreta foram atingidas por inc\u00eandio em Rebou\u00e7as"},"content":{"rendered":"\n<figure class=\"wp-block-image size-full\"><img loading=\"lazy\" decoding=\"async\" width=\"897\" height=\"204\" src=\"https:\/\/radiostudiow.com.br\/site\/wp-content\/uploads\/2025\/03\/BARAO-NOVO-NOTICIAS-1.jpg\" alt=\"\" class=\"wp-image-35084\" srcset=\"https:\/\/radiostudiow.com.br\/site\/wp-content\/uploads\/2025\/03\/BARAO-NOVO-NOTICIAS-1.jpg 897w, https:\/\/radiostudiow.com.br\/site\/wp-content\/uploads\/2025\/03\/BARAO-NOVO-NOTICIAS-1-300x68.jpg 300w, https:\/\/radiostudiow.com.br\/site\/wp-content\/uploads\/2025\/03\/BARAO-NOVO-NOTICIAS-1-768x175.jpg 768w\" sizes=\"auto, (max-width: 897px) 100vw, 897px\" \/><\/figure>\n\n\n\n<p>Equipes dos Bombeiros Comunit\u00e1rios atuaram em duas ocorr\u00eancias de inc\u00eandio entre a noite de segunda-feira (27) e a madrugada de ter\u00e7a-feira (28), no munic\u00edpio de&nbsp;Rebou\u00e7as.<\/p>\n\n\n\n<p>O primeiro atendimento foi registrado por volta das 22h37, em uma resid\u00eancia localizada na Rua Ant\u00f4nio H. M. de Souza. No local, foi constatado que o im\u00f3vel estava abandonado e sem mob\u00edlia. As chamas atingiram parte de uma dispensa na \u00e1rea externa da casa.<\/p>\n\n\n\n<p>Segundo relato de uma moradora vizinha, n\u00e3o foi poss\u00edvel identificar como o fogo teve in\u00edcio, j\u00e1 que o inc\u00eandio j\u00e1 estava em andamento quando foi percebido. Antes da chegada da equipe, moradores utilizaram baldes de \u00e1gua para conter as chamas, evitando que o fogo se alastrasse. Ningu\u00e9m ficou ferido.<\/p>\n\n\n\n<p>J\u00e1 a segunda ocorr\u00eancia foi registrada por volta da 00h19, no trevo da localidade de Marmeleiro, na rodovia PR-990. No local, uma carreta foi completamente destru\u00edda por um inc\u00eandio.<\/p>\n\n\n\n<p>De acordo com o condutor, o fogo teria come\u00e7ado ap\u00f3s o travamento das pastilhas de freio. O motorista tentou conter as chamas com dois extintores, por\u00e9m n\u00e3o obteve sucesso. Ainda assim, conseguiu desengatar o cavalo mec\u00e2nico a tempo, evitando que o inc\u00eandio atingisse a cabine.<a href=\"https:\/\/www.ajdg.net\/\"><\/a><\/p>\n\n\n\n<p>Apesar da a\u00e7\u00e3o r\u00e1pida, a carreta foi consumida pelas chamas, resultando em perda total. N\u00e3o houve registro de feridos.<\/p>\n\n\n\n<p class=\"has-text-align-center\"><em>Fonte:\u00a0Claytonburgath Burgath<\/em>\/<em>Bombeiro Comunit\u00e1rio<\/em><\/p>\n\n\n\n<figure class=\"wp-block-image size-large\"><img loading=\"lazy\" decoding=\"async\" width=\"1024\" height=\"335\" src=\"https:\/\/radiostudiow.com.br\/site\/wp-content\/uploads\/2025\/12\/novo-Rodape-1024x335.png\" alt=\"\" class=\"wp-image-45379\" srcset=\"https:\/\/radiostudiow.com.br\/site\/wp-content\/uploads\/2025\/12\/novo-Rodape-1024x335.png 1024w, https:\/\/radiostudiow.com.br\/site\/wp-content\/uploads\/2025\/12\/novo-Rodape-300x98.png 300w, https:\/\/radiostudiow.com.br\/site\/wp-content\/uploads\/2025\/12\/novo-Rodape-768x251.png 768w, https:\/\/radiostudiow.com.br\/site\/wp-content\/uploads\/2025\/12\/novo-Rodape-1536x503.png 1536w, https:\/\/radiostudiow.com.br\/site\/wp-content\/uploads\/2025\/12\/novo-Rodape-2048x670.png 2048w\" sizes=\"auto, (max-width: 1024px) 100vw, 1024px\" \/><\/figure>\n","protected":false},"excerpt":{"rendered":"<p>Equipes dos Bombeiros Comunit\u00e1rios atuaram em duas ocorr\u00eancias de inc\u00eandio entre a noite de segunda-feira (27) e a madrugada de ter\u00e7a-feira (28), no munic\u00edpio de&nbsp;Rebou\u00e7as. O primeiro atendimento foi registrado por volta das 22h37, em uma resid\u00eancia localizada na Rua Ant\u00f4nio H. M. de Souza. No local, foi constatado que o im\u00f3vel estava abandonado e [&hellip;]<\/p>\n","protected":false},"author":2,"featured_media":49615,"comment_status":"open","ping_status":"open","sticky":false,"template":"","format":"standard","meta":{"footnotes":""},"categories":[185],"tags":[172],"class_list":["post-49611","post","type-post","status-publish","format-standard","has-post-thumbnail","hentry","category-regional","tag-featured"],"amp_enabled":true,"_links":{"self":[{"href":"https:\/\/radiostudiow.com.br\/site\/wp-json\/wp\/v2\/posts\/49611","targetHints":{"allow":["GET"]}}],"collection":[{"href":"https:\/\/radiostudiow.com.br\/site\/wp-json\/wp\/v2\/posts"}],"about":[{"href":"https:\/\/radiostudiow.com.br\/site\/wp-json\/wp\/v2\/types\/post"}],"author":[{"embeddable":true,"href":"https:\/\/radiostudiow.com.br\/site\/wp-json\/wp\/v2\/users\/2"}],"replies":[{"embeddable":true,"href":"https:\/\/radiostudiow.com.br\/site\/wp-json\/wp\/v2\/comments?post=49611"}],"version-history":[{"count":2,"href":"https:\/\/radiostudiow.com.br\/site\/wp-json\/wp\/v2\/posts\/49611\/revisions"}],"predecessor-version":[{"id":49616,"href":"https:\/\/radiostudiow.com.br\/site\/wp-json\/wp\/v2\/posts\/49611\/revisions\/49616"}],"wp:featuredmedia":[{"embeddable":true,"href":"https:\/\/radiostudiow.com.br\/site\/wp-json\/wp\/v2\/media\/49615"}],"wp:attachment":[{"href":"https:\/\/radiostudiow.com.br\/site\/wp-json\/wp\/v2\/media?parent=49611"}],"wp:term":[{"taxonomy":"category","embeddable":true,"href":"https:\/\/radiostudiow.com.br\/site\/wp-json\/wp\/v2\/categories?post=49611"},{"taxonomy":"post_tag","embeddable":true,"href":"https:\/\/radiostudiow.com.br\/site\/wp-json\/wp\/v2\/tags?post=49611"}],"curies":[{"name":"wp","href":"https:\/\/api.w.org\/{rel}","templated":true}]}}