{"id":49634,"date":"2026-04-29T10:41:21","date_gmt":"2026-04-29T13:41:21","guid":{"rendered":"https:\/\/radiostudiow.com.br\/site\/?p=49634"},"modified":"2026-04-29T10:44:01","modified_gmt":"2026-04-29T13:44:01","slug":"acao-policial-apreende-drogas-e-casal-e-preso-por-trafico-de-drogas-em-sao-mateus-do-sul","status":"publish","type":"post","link":"https:\/\/radiostudiow.com.br\/site\/2026\/04\/29\/acao-policial-apreende-drogas-e-casal-e-preso-por-trafico-de-drogas-em-sao-mateus-do-sul\/","title":{"rendered":"A\u00e7\u00e3o Policial apreende drogas e casal \u00e9 preso por tr\u00e1fico de drogas em S\u00e3o Mateus do Sul"},"content":{"rendered":"\n<figure class=\"wp-block-image size-full\"><img loading=\"lazy\" decoding=\"async\" width=\"897\" height=\"204\" src=\"https:\/\/radiostudiow.com.br\/site\/wp-content\/uploads\/2025\/03\/BARAO-NOVO-NOTICIAS-1.jpg\" alt=\"\" class=\"wp-image-35084\" srcset=\"https:\/\/radiostudiow.com.br\/site\/wp-content\/uploads\/2025\/03\/BARAO-NOVO-NOTICIAS-1.jpg 897w, https:\/\/radiostudiow.com.br\/site\/wp-content\/uploads\/2025\/03\/BARAO-NOVO-NOTICIAS-1-300x68.jpg 300w, https:\/\/radiostudiow.com.br\/site\/wp-content\/uploads\/2025\/03\/BARAO-NOVO-NOTICIAS-1-768x175.jpg 768w\" sizes=\"auto, (max-width: 897px) 100vw, 897px\" \/><\/figure>\n\n\n\n<p>A equipe da Pol\u00edcia Militar de S\u00e3o Mateus do Sul receberam uma informa\u00e7\u00e3o sobre uma atitude suspeita em um ve\u00edculo estacionado no p\u00e1tio de um posto de combust\u00edveis nas proximidades da rodovia BR-476, km 132, por volta das 21 horas dessa ter\u00e7a-feira (28).<\/p>\n\n\n\n<p>No local, foi identificado um autom\u00f3vel com dois ocupantes, um homem e uma mulher. Durante a abordagem e busca veicular, foi localizado no interior do ve\u00edculo, uma sacola contendo uma certa quantia de subst\u00e2ncia an\u00e1loga \u00e0 coca\u00edna.<\/p>\n\n\n\n<p>Diante dos fatos os envolvidos e o material apreendido, foram encaminhados e entregues \u00e0 delegacia de Pol\u00edcia.<\/p>\n\n\n\n<figure class=\"wp-block-image size-full\"><img loading=\"lazy\" decoding=\"async\" width=\"598\" height=\"204\" src=\"https:\/\/radiostudiow.com.br\/site\/wp-content\/uploads\/2024\/01\/SITE-MEDIO.png\" alt=\"\" class=\"wp-image-18916\" srcset=\"https:\/\/radiostudiow.com.br\/site\/wp-content\/uploads\/2024\/01\/SITE-MEDIO.png 598w, https:\/\/radiostudiow.com.br\/site\/wp-content\/uploads\/2024\/01\/SITE-MEDIO-300x102.png 300w\" sizes=\"auto, (max-width: 598px) 100vw, 598px\" \/><\/figure>\n","protected":false},"excerpt":{"rendered":"<p>A equipe da Pol\u00edcia Militar de S\u00e3o Mateus do Sul receberam uma informa\u00e7\u00e3o sobre uma atitude suspeita em um ve\u00edculo estacionado no p\u00e1tio de um posto de combust\u00edveis nas proximidades da rodovia BR-476, km 132, por volta das 21 horas dessa ter\u00e7a-feira (28). No local, foi identificado um autom\u00f3vel com dois ocupantes, um homem e [&hellip;]<\/p>\n","protected":false},"author":2,"featured_media":49637,"comment_status":"open","ping_status":"open","sticky":false,"template":"","format":"standard","meta":{"footnotes":""},"categories":[2],"tags":[172],"class_list":["post-49634","post","type-post","status-publish","format-standard","has-post-thumbnail","hentry","category-policial","tag-featured"],"amp_enabled":true,"_links":{"self":[{"href":"https:\/\/radiostudiow.com.br\/site\/wp-json\/wp\/v2\/posts\/49634","targetHints":{"allow":["GET"]}}],"collection":[{"href":"https:\/\/radiostudiow.com.br\/site\/wp-json\/wp\/v2\/posts"}],"about":[{"href":"https:\/\/radiostudiow.com.br\/site\/wp-json\/wp\/v2\/types\/post"}],"author":[{"embeddable":true,"href":"https:\/\/radiostudiow.com.br\/site\/wp-json\/wp\/v2\/users\/2"}],"replies":[{"embeddable":true,"href":"https:\/\/radiostudiow.com.br\/site\/wp-json\/wp\/v2\/comments?post=49634"}],"version-history":[{"count":1,"href":"https:\/\/radiostudiow.com.br\/site\/wp-json\/wp\/v2\/posts\/49634\/revisions"}],"predecessor-version":[{"id":49635,"href":"https:\/\/radiostudiow.com.br\/site\/wp-json\/wp\/v2\/posts\/49634\/revisions\/49635"}],"wp:featuredmedia":[{"embeddable":true,"href":"https:\/\/radiostudiow.com.br\/site\/wp-json\/wp\/v2\/media\/49637"}],"wp:attachment":[{"href":"https:\/\/radiostudiow.com.br\/site\/wp-json\/wp\/v2\/media?parent=49634"}],"wp:term":[{"taxonomy":"category","embeddable":true,"href":"https:\/\/radiostudiow.com.br\/site\/wp-json\/wp\/v2\/categories?post=49634"},{"taxonomy":"post_tag","embeddable":true,"href":"https:\/\/radiostudiow.com.br\/site\/wp-json\/wp\/v2\/tags?post=49634"}],"curies":[{"name":"wp","href":"https:\/\/api.w.org\/{rel}","templated":true}]}}