{"id":49639,"date":"2026-04-29T11:37:15","date_gmt":"2026-04-29T14:37:15","guid":{"rendered":"https:\/\/radiostudiow.com.br\/site\/?p=49639"},"modified":"2026-04-29T11:37:15","modified_gmt":"2026-04-29T14:37:15","slug":"colisao-lateral-na-br-373-deixa-duas-pessoas-com-ferimentos-leves-em-prudentopolis","status":"publish","type":"post","link":"https:\/\/radiostudiow.com.br\/site\/2026\/04\/29\/colisao-lateral-na-br-373-deixa-duas-pessoas-com-ferimentos-leves-em-prudentopolis\/","title":{"rendered":"Colis\u00e3o lateral na BR-373 deixa duas pessoas com ferimentos leves em Prudent\u00f3polis"},"content":{"rendered":"\n<figure class=\"wp-block-image size-full\"><img loading=\"lazy\" decoding=\"async\" width=\"731\" height=\"204\" src=\"https:\/\/radiostudiow.com.br\/site\/wp-content\/uploads\/2026\/01\/BARROS-2026.png\" alt=\"\" class=\"wp-image-46173\" srcset=\"https:\/\/radiostudiow.com.br\/site\/wp-content\/uploads\/2026\/01\/BARROS-2026.png 731w, https:\/\/radiostudiow.com.br\/site\/wp-content\/uploads\/2026\/01\/BARROS-2026-300x84.png 300w\" sizes=\"auto, (max-width: 731px) 100vw, 731px\" \/><\/figure>\n\n\n\n<p>Na noite desta ter\u00e7a-feira (28), por volta das 21h, a Pol\u00edcia Rodovi\u00e1ria Federal (PRF) atendeu a um acidente do tipo colis\u00e3o lateral no km 257 da BR-373, no munic\u00edpio de Prudent\u00f3polis, na regi\u00e3o Centro-Sul do Paran\u00e1.<\/p>\n\n\n\n<p>De acordo com as informa\u00e7\u00f5es repassadas, o acidente envolveu dois ve\u00edculos que seguiam no mesmo sentido: um Ford Fiesta e uma VW Saveiro, ambos com placas de Prudent\u00f3polis.<\/p>\n\n\n\n<p>A condutora do Ford Fiesta, uma mulher de 24 anos, sofreu ferimentos leves e recebeu atendimento m\u00e9dico. J\u00e1 o condutor da Saveiro, um homem de 33 anos, tamb\u00e9m teve les\u00f5es leves e foi encaminhado para atendimento.<\/p>\n\n\n\n<p>A PRF esteve no local para atendimento da ocorr\u00eancia e orienta\u00e7\u00e3o do tr\u00e2nsito. As circunst\u00e2ncias do acidente n\u00e3o foram detalhadas.<\/p>\n\n\n\n<p class=\"has-text-align-center\"><em>Fonte: PRF\/Rep\u00f3rter Kiko de Oliveira &#8211; Imagens Internautas<\/em><\/p>\n\n\n\n<figure class=\"wp-block-gallery has-nested-images columns-default is-cropped wp-block-gallery-1 is-layout-flex wp-block-gallery-is-layout-flex\">\n<figure class=\"wp-block-image size-large\"><img loading=\"lazy\" decoding=\"async\" width=\"300\" height=\"180\" data-id=\"47110\" src=\"https:\/\/radiostudiow.com.br\/site\/wp-content\/uploads\/2026\/01\/EXTREME.png\" alt=\"\" class=\"wp-image-47110\"\/><\/figure>\n\n\n\n<figure class=\"wp-block-image size-large\"><img loading=\"lazy\" decoding=\"async\" width=\"300\" height=\"180\" data-id=\"39582\" src=\"https:\/\/radiostudiow.com.br\/site\/wp-content\/uploads\/2025\/06\/PLAY-HALL.png\" alt=\"\" class=\"wp-image-39582\"\/><\/figure>\n<\/figure>\n\n\n\n<p><\/p>\n","protected":false},"excerpt":{"rendered":"<p>Na noite desta ter\u00e7a-feira (28), por volta das 21h, a Pol\u00edcia Rodovi\u00e1ria Federal (PRF) atendeu a um acidente do tipo colis\u00e3o lateral no km 257 da BR-373, no munic\u00edpio de Prudent\u00f3polis, na regi\u00e3o Centro-Sul do Paran\u00e1. De acordo com as informa\u00e7\u00f5es repassadas, o acidente envolveu dois ve\u00edculos que seguiam no mesmo sentido: um Ford Fiesta [&hellip;]<\/p>\n","protected":false},"author":2,"featured_media":49640,"comment_status":"open","ping_status":"open","sticky":false,"template":"","format":"standard","meta":{"footnotes":""},"categories":[7],"tags":[],"class_list":["post-49639","post","type-post","status-publish","format-standard","has-post-thumbnail","hentry","category-geral"],"amp_enabled":true,"_links":{"self":[{"href":"https:\/\/radiostudiow.com.br\/site\/wp-json\/wp\/v2\/posts\/49639","targetHints":{"allow":["GET"]}}],"collection":[{"href":"https:\/\/radiostudiow.com.br\/site\/wp-json\/wp\/v2\/posts"}],"about":[{"href":"https:\/\/radiostudiow.com.br\/site\/wp-json\/wp\/v2\/types\/post"}],"author":[{"embeddable":true,"href":"https:\/\/radiostudiow.com.br\/site\/wp-json\/wp\/v2\/users\/2"}],"replies":[{"embeddable":true,"href":"https:\/\/radiostudiow.com.br\/site\/wp-json\/wp\/v2\/comments?post=49639"}],"version-history":[{"count":1,"href":"https:\/\/radiostudiow.com.br\/site\/wp-json\/wp\/v2\/posts\/49639\/revisions"}],"predecessor-version":[{"id":49641,"href":"https:\/\/radiostudiow.com.br\/site\/wp-json\/wp\/v2\/posts\/49639\/revisions\/49641"}],"wp:featuredmedia":[{"embeddable":true,"href":"https:\/\/radiostudiow.com.br\/site\/wp-json\/wp\/v2\/media\/49640"}],"wp:attachment":[{"href":"https:\/\/radiostudiow.com.br\/site\/wp-json\/wp\/v2\/media?parent=49639"}],"wp:term":[{"taxonomy":"category","embeddable":true,"href":"https:\/\/radiostudiow.com.br\/site\/wp-json\/wp\/v2\/categories?post=49639"},{"taxonomy":"post_tag","embeddable":true,"href":"https:\/\/radiostudiow.com.br\/site\/wp-json\/wp\/v2\/tags?post=49639"}],"curies":[{"name":"wp","href":"https:\/\/api.w.org\/{rel}","templated":true}]}}