{"id":49646,"date":"2026-04-29T17:40:05","date_gmt":"2026-04-29T20:40:05","guid":{"rendered":"https:\/\/radiostudiow.com.br\/site\/?p=49646"},"modified":"2026-04-29T17:40:05","modified_gmt":"2026-04-29T20:40:05","slug":"receita-federal-apreende-mais-de-mil-celulares-em-onibus-abordado-na-br-277-em-irati","status":"publish","type":"post","link":"https:\/\/radiostudiow.com.br\/site\/2026\/04\/29\/receita-federal-apreende-mais-de-mil-celulares-em-onibus-abordado-na-br-277-em-irati\/","title":{"rendered":"Receita Federal apreende mais de mil celulares em \u00f4nibus abordado na BR-277, em Irati"},"content":{"rendered":"\n<p>Uma opera\u00e7\u00e3o da Receita Federal resultou na apreens\u00e3o de mais de mil aparelhos celulares na BR-277, no munic\u00edpio de Irati, na regi\u00e3o Centro-Sul do Paran\u00e1. A a\u00e7\u00e3o ocorreu no final da tarde de ter\u00e7a-feira (28) e teve continuidade na manh\u00e3 desta quarta-feira (29), ap\u00f3s fiscaliza\u00e7\u00e3o detalhada.<\/p>\n\n\n\n<p>De acordo com a Receita Federal, a abordagem foi realizada por equipes de Vigil\u00e2ncia e Repress\u00e3o Aduaneira da Delegacia de Ponta Grossa, durante uma opera\u00e7\u00e3o de rotina na rodovia. O \u00f4nibus de turismo, que seguia da regi\u00e3o de fronteira, foi parado em Irati, ponto considerado estrat\u00e9gico para esse tipo de fiscaliza\u00e7\u00e3o.<\/p>\n\n\n\n<figure class=\"wp-block-image size-full\"><img loading=\"lazy\" decoding=\"async\" width=\"731\" height=\"204\" src=\"https:\/\/radiostudiow.com.br\/site\/wp-content\/uploads\/2026\/01\/pax-2026.png\" alt=\"\" class=\"wp-image-46172\" srcset=\"https:\/\/radiostudiow.com.br\/site\/wp-content\/uploads\/2026\/01\/pax-2026.png 731w, https:\/\/radiostudiow.com.br\/site\/wp-content\/uploads\/2026\/01\/pax-2026-300x84.png 300w\" sizes=\"auto, (max-width: 731px) 100vw, 731px\" \/><\/figure>\n\n\n\n<p>Durante a entrevista, o motorista apresentou informa\u00e7\u00f5es contradit\u00f3rias e demonstrou nervosismo ao relatar que transportava passageiros com destino ao bairro do Br\u00e1s, em S\u00e3o Paulo, para compras. Diante das inconsist\u00eancias, o ve\u00edculo foi encaminhado at\u00e9 a Delegacia da Receita Federal em Ponta Grossa para uma verifica\u00e7\u00e3o mais minuciosa.<\/p>\n\n\n\n<p>Na manh\u00e3 seguinte, durante a inspe\u00e7\u00e3o detalhada, os agentes localizaram um compartimento oculto preparado na carroceria do \u00f4nibus. No espa\u00e7o, foram encontradas diversas sacolas contendo mais de mil aparelhos iPhone de origem estrangeira.<\/p>\n\n\n\n<p>O valor estimado das mercadorias apreendidas \u00e9 de aproximadamente R$ 3 milh\u00f5es.<\/p>\n\n\n\n<p>A Receita Federal destacou que a\u00e7\u00f5es de vigil\u00e2ncia e repress\u00e3o s\u00e3o essenciais no combate ao contrabando e ao descaminho, contribuindo para a prote\u00e7\u00e3o da economia nacional e a garantia da concorr\u00eancia leal no mercado.<\/p>\n\n\n\n<p class=\"has-text-align-center\"><em>Fonte: Receita Federal Ponta Grossa\/Rep\u00f3rter Kiko de Oliveira<\/em><\/p>\n\n\n\n<figure class=\"wp-block-image size-full\"><img loading=\"lazy\" decoding=\"async\" width=\"598\" height=\"204\" src=\"https:\/\/radiostudiow.com.br\/site\/wp-content\/uploads\/2025\/05\/POLAK.png\" alt=\"\" class=\"wp-image-37847\" srcset=\"https:\/\/radiostudiow.com.br\/site\/wp-content\/uploads\/2025\/05\/POLAK.png 598w, https:\/\/radiostudiow.com.br\/site\/wp-content\/uploads\/2025\/05\/POLAK-300x102.png 300w\" sizes=\"auto, (max-width: 598px) 100vw, 598px\" \/><\/figure>\n\n\n\n<figure class=\"wp-block-embed is-type-video is-provider-youtube wp-block-embed-youtube wp-embed-aspect-16-9 wp-has-aspect-ratio\"><div class=\"wp-block-embed__wrapper\">\n<iframe loading=\"lazy\" title=\"Receita Federal apreende mais de mil celulares em \u00f4nibus abordado na BR-277, em Irati\" width=\"740\" height=\"416\" src=\"https:\/\/www.youtube.com\/embed\/XHzedoAekD0?feature=oembed\" frameborder=\"0\" allow=\"accelerometer; autoplay; clipboard-write; encrypted-media; gyroscope; picture-in-picture; web-share\" referrerpolicy=\"strict-origin-when-cross-origin\" allowfullscreen><\/iframe>\n<\/div><\/figure>\n","protected":false},"excerpt":{"rendered":"<p>Uma opera\u00e7\u00e3o da Receita Federal resultou na apreens\u00e3o de mais de mil aparelhos celulares na BR-277, no munic\u00edpio de Irati, na regi\u00e3o Centro-Sul do Paran\u00e1. A a\u00e7\u00e3o ocorreu no final da tarde de ter\u00e7a-feira (28) e teve continuidade na manh\u00e3 desta quarta-feira (29), ap\u00f3s fiscaliza\u00e7\u00e3o detalhada. De acordo com a Receita Federal, a abordagem foi [&hellip;]<\/p>\n","protected":false},"author":2,"featured_media":49647,"comment_status":"open","ping_status":"open","sticky":false,"template":"","format":"standard","meta":{"footnotes":""},"categories":[2],"tags":[172],"class_list":["post-49646","post","type-post","status-publish","format-standard","has-post-thumbnail","hentry","category-policial","tag-featured"],"amp_enabled":true,"_links":{"self":[{"href":"https:\/\/radiostudiow.com.br\/site\/wp-json\/wp\/v2\/posts\/49646","targetHints":{"allow":["GET"]}}],"collection":[{"href":"https:\/\/radiostudiow.com.br\/site\/wp-json\/wp\/v2\/posts"}],"about":[{"href":"https:\/\/radiostudiow.com.br\/site\/wp-json\/wp\/v2\/types\/post"}],"author":[{"embeddable":true,"href":"https:\/\/radiostudiow.com.br\/site\/wp-json\/wp\/v2\/users\/2"}],"replies":[{"embeddable":true,"href":"https:\/\/radiostudiow.com.br\/site\/wp-json\/wp\/v2\/comments?post=49646"}],"version-history":[{"count":2,"href":"https:\/\/radiostudiow.com.br\/site\/wp-json\/wp\/v2\/posts\/49646\/revisions"}],"predecessor-version":[{"id":49649,"href":"https:\/\/radiostudiow.com.br\/site\/wp-json\/wp\/v2\/posts\/49646\/revisions\/49649"}],"wp:featuredmedia":[{"embeddable":true,"href":"https:\/\/radiostudiow.com.br\/site\/wp-json\/wp\/v2\/media\/49647"}],"wp:attachment":[{"href":"https:\/\/radiostudiow.com.br\/site\/wp-json\/wp\/v2\/media?parent=49646"}],"wp:term":[{"taxonomy":"category","embeddable":true,"href":"https:\/\/radiostudiow.com.br\/site\/wp-json\/wp\/v2\/categories?post=49646"},{"taxonomy":"post_tag","embeddable":true,"href":"https:\/\/radiostudiow.com.br\/site\/wp-json\/wp\/v2\/tags?post=49646"}],"curies":[{"name":"wp","href":"https:\/\/api.w.org\/{rel}","templated":true}]}}