{"id":49651,"date":"2026-04-29T17:46:14","date_gmt":"2026-04-29T20:46:14","guid":{"rendered":"https:\/\/radiostudiow.com.br\/site\/?p=49651"},"modified":"2026-04-29T17:46:15","modified_gmt":"2026-04-29T20:46:15","slug":"motorista-embriagado-invade-residencia-e-deixa-moradora-ferida-em-rio-azul","status":"publish","type":"post","link":"https:\/\/radiostudiow.com.br\/site\/2026\/04\/29\/motorista-embriagado-invade-residencia-e-deixa-moradora-ferida-em-rio-azul\/","title":{"rendered":"Motorista embriagado invade resid\u00eancia e deixa moradora ferida em Rio Azul"},"content":{"rendered":"\n<figure class=\"wp-block-image size-large\"><img loading=\"lazy\" decoding=\"async\" width=\"1024\" height=\"335\" src=\"https:\/\/radiostudiow.com.br\/site\/wp-content\/uploads\/2025\/12\/novo-Rodape-1024x335.png\" alt=\"\" class=\"wp-image-45379\" srcset=\"https:\/\/radiostudiow.com.br\/site\/wp-content\/uploads\/2025\/12\/novo-Rodape-1024x335.png 1024w, https:\/\/radiostudiow.com.br\/site\/wp-content\/uploads\/2025\/12\/novo-Rodape-300x98.png 300w, https:\/\/radiostudiow.com.br\/site\/wp-content\/uploads\/2025\/12\/novo-Rodape-768x251.png 768w, https:\/\/radiostudiow.com.br\/site\/wp-content\/uploads\/2025\/12\/novo-Rodape-1536x503.png 1536w, https:\/\/radiostudiow.com.br\/site\/wp-content\/uploads\/2025\/12\/novo-Rodape-2048x670.png 2048w\" sizes=\"auto, (max-width: 1024px) 100vw, 1024px\" \/><\/figure>\n\n\n\n<p>Um acidente registrado na noite desta ter\u00e7a-feira (28), por volta das 21h50, mobilizou a Pol\u00edcia Militar no bairro Santa Terezinha, em Rio Azul, na regi\u00e3o Centro-Sul do Paran\u00e1.<\/p>\n\n\n\n<p>De acordo com informa\u00e7\u00f5es do 2\u00ba Pelot\u00e3o da Pol\u00edcia Militar, um ve\u00edculo perdeu o controle e acabou colidindo contra uma resid\u00eancia, chegando a invadir o interior do im\u00f3vel. O impacto causou danos materiais e deixou a moradora com ferimentos leves.<\/p>\n\n\n\n<p>Al\u00e9m disso, um cachorro que dormia na \u00e1rea da casa foi atingido, sofrendo ferimentos graves.<\/p>\n\n\n\n<p>O condutor do ve\u00edculo foi preso em flagrante. Segundo a PM, ele apresentava sinais de altera\u00e7\u00e3o da capacidade psicomotora em raz\u00e3o da ingest\u00e3o de \u00e1lcool. Diante dos fatos, foi detido pelos crimes de conduzir ve\u00edculo sob efeito de \u00e1lcool, dano e les\u00e3o corporal.<\/p>\n\n\n\n<p>Ap\u00f3s a ocorr\u00eancia, o motorista foi encaminhado \u00e0 Delegacia da Pol\u00edcia Civil de Irati, onde foram adotadas as medidas cab\u00edveis.<\/p>\n\n\n\n<p class=\"has-text-align-center\"><em>Fonte: Rep\u00f3rter Kiko de Oliveira<\/em><\/p>\n\n\n\n<figure class=\"wp-block-image size-full\"><img loading=\"lazy\" decoding=\"async\" width=\"598\" height=\"204\" src=\"https:\/\/radiostudiow.com.br\/site\/wp-content\/uploads\/2024\/10\/labirati.png\" alt=\"\" class=\"wp-image-28854\" srcset=\"https:\/\/radiostudiow.com.br\/site\/wp-content\/uploads\/2024\/10\/labirati.png 598w, https:\/\/radiostudiow.com.br\/site\/wp-content\/uploads\/2024\/10\/labirati-300x102.png 300w\" sizes=\"auto, (max-width: 598px) 100vw, 598px\" \/><\/figure>\n","protected":false},"excerpt":{"rendered":"<p>Um acidente registrado na noite desta ter\u00e7a-feira (28), por volta das 21h50, mobilizou a Pol\u00edcia Militar no bairro Santa Terezinha, em Rio Azul, na regi\u00e3o Centro-Sul do Paran\u00e1. De acordo com informa\u00e7\u00f5es do 2\u00ba Pelot\u00e3o da Pol\u00edcia Militar, um ve\u00edculo perdeu o controle e acabou colidindo contra uma resid\u00eancia, chegando a invadir o interior do [&hellip;]<\/p>\n","protected":false},"author":2,"featured_media":48181,"comment_status":"open","ping_status":"open","sticky":false,"template":"","format":"standard","meta":{"footnotes":""},"categories":[2],"tags":[172],"class_list":["post-49651","post","type-post","status-publish","format-standard","has-post-thumbnail","hentry","category-policial","tag-featured"],"amp_enabled":true,"_links":{"self":[{"href":"https:\/\/radiostudiow.com.br\/site\/wp-json\/wp\/v2\/posts\/49651","targetHints":{"allow":["GET"]}}],"collection":[{"href":"https:\/\/radiostudiow.com.br\/site\/wp-json\/wp\/v2\/posts"}],"about":[{"href":"https:\/\/radiostudiow.com.br\/site\/wp-json\/wp\/v2\/types\/post"}],"author":[{"embeddable":true,"href":"https:\/\/radiostudiow.com.br\/site\/wp-json\/wp\/v2\/users\/2"}],"replies":[{"embeddable":true,"href":"https:\/\/radiostudiow.com.br\/site\/wp-json\/wp\/v2\/comments?post=49651"}],"version-history":[{"count":1,"href":"https:\/\/radiostudiow.com.br\/site\/wp-json\/wp\/v2\/posts\/49651\/revisions"}],"predecessor-version":[{"id":49652,"href":"https:\/\/radiostudiow.com.br\/site\/wp-json\/wp\/v2\/posts\/49651\/revisions\/49652"}],"wp:featuredmedia":[{"embeddable":true,"href":"https:\/\/radiostudiow.com.br\/site\/wp-json\/wp\/v2\/media\/48181"}],"wp:attachment":[{"href":"https:\/\/radiostudiow.com.br\/site\/wp-json\/wp\/v2\/media?parent=49651"}],"wp:term":[{"taxonomy":"category","embeddable":true,"href":"https:\/\/radiostudiow.com.br\/site\/wp-json\/wp\/v2\/categories?post=49651"},{"taxonomy":"post_tag","embeddable":true,"href":"https:\/\/radiostudiow.com.br\/site\/wp-json\/wp\/v2\/tags?post=49651"}],"curies":[{"name":"wp","href":"https:\/\/api.w.org\/{rel}","templated":true}]}}