{"id":49660,"date":"2026-04-30T09:28:19","date_gmt":"2026-04-30T12:28:19","guid":{"rendered":"https:\/\/radiostudiow.com.br\/site\/?p=49660"},"modified":"2026-04-30T09:28:19","modified_gmt":"2026-04-30T12:28:19","slug":"policia-militar-prende-homem-foragido-em-uniao-da-vitoria","status":"publish","type":"post","link":"https:\/\/radiostudiow.com.br\/site\/2026\/04\/30\/policia-militar-prende-homem-foragido-em-uniao-da-vitoria\/","title":{"rendered":"Pol\u00edcia Militar prende homem foragido em Uni\u00e3o da Vit\u00f3ria"},"content":{"rendered":"\n<figure class=\"wp-block-image size-full\"><img loading=\"lazy\" decoding=\"async\" width=\"731\" height=\"204\" src=\"https:\/\/radiostudiow.com.br\/site\/wp-content\/uploads\/2026\/01\/pax-2026.png\" alt=\"\" class=\"wp-image-46172\" srcset=\"https:\/\/radiostudiow.com.br\/site\/wp-content\/uploads\/2026\/01\/pax-2026.png 731w, https:\/\/radiostudiow.com.br\/site\/wp-content\/uploads\/2026\/01\/pax-2026-300x84.png 300w\" sizes=\"auto, (max-width: 731px) 100vw, 731px\" \/><\/figure>\n\n\n\n<p>A equipe da Pol\u00edcia Militar de Uni\u00e3o da Vit\u00f3ria atrav\u00e9s de den\u00fancias recebidas realizaram um cerco e<br>prenderam um homem que estava tentando realizar furtos na \u00e1rea central da cidade por volta das 11h28min dessa quarta-feira (29).<\/p>\n\n\n\n<p>Ao realizar abordagem foi confirmado que o homem era foragido do sistema prisional de Uni\u00e3o da<br>Vit\u00f3ria. Diante da situa\u00e7\u00e3o foi encaminhado ao DEPEN para provid\u00eancias legais.<\/p>\n","protected":false},"excerpt":{"rendered":"<p>A equipe da Pol\u00edcia Militar de Uni\u00e3o da Vit\u00f3ria atrav\u00e9s de den\u00fancias recebidas realizaram um cerco eprenderam um homem que estava tentando realizar furtos na \u00e1rea central da cidade por volta das 11h28min dessa quarta-feira (29). Ao realizar abordagem foi confirmado que o homem era foragido do sistema prisional de Uni\u00e3o daVit\u00f3ria. Diante da situa\u00e7\u00e3o [&hellip;]<\/p>\n","protected":false},"author":2,"featured_media":38326,"comment_status":"open","ping_status":"open","sticky":false,"template":"","format":"standard","meta":{"footnotes":""},"categories":[2],"tags":[172],"class_list":["post-49660","post","type-post","status-publish","format-standard","has-post-thumbnail","hentry","category-policial","tag-featured"],"amp_enabled":true,"_links":{"self":[{"href":"https:\/\/radiostudiow.com.br\/site\/wp-json\/wp\/v2\/posts\/49660","targetHints":{"allow":["GET"]}}],"collection":[{"href":"https:\/\/radiostudiow.com.br\/site\/wp-json\/wp\/v2\/posts"}],"about":[{"href":"https:\/\/radiostudiow.com.br\/site\/wp-json\/wp\/v2\/types\/post"}],"author":[{"embeddable":true,"href":"https:\/\/radiostudiow.com.br\/site\/wp-json\/wp\/v2\/users\/2"}],"replies":[{"embeddable":true,"href":"https:\/\/radiostudiow.com.br\/site\/wp-json\/wp\/v2\/comments?post=49660"}],"version-history":[{"count":1,"href":"https:\/\/radiostudiow.com.br\/site\/wp-json\/wp\/v2\/posts\/49660\/revisions"}],"predecessor-version":[{"id":49661,"href":"https:\/\/radiostudiow.com.br\/site\/wp-json\/wp\/v2\/posts\/49660\/revisions\/49661"}],"wp:featuredmedia":[{"embeddable":true,"href":"https:\/\/radiostudiow.com.br\/site\/wp-json\/wp\/v2\/media\/38326"}],"wp:attachment":[{"href":"https:\/\/radiostudiow.com.br\/site\/wp-json\/wp\/v2\/media?parent=49660"}],"wp:term":[{"taxonomy":"category","embeddable":true,"href":"https:\/\/radiostudiow.com.br\/site\/wp-json\/wp\/v2\/categories?post=49660"},{"taxonomy":"post_tag","embeddable":true,"href":"https:\/\/radiostudiow.com.br\/site\/wp-json\/wp\/v2\/tags?post=49660"}],"curies":[{"name":"wp","href":"https:\/\/api.w.org\/{rel}","templated":true}]}}