{"id":49663,"date":"2026-04-30T09:33:49","date_gmt":"2026-04-30T12:33:49","guid":{"rendered":"https:\/\/radiostudiow.com.br\/site\/?p=49663"},"modified":"2026-04-30T09:33:49","modified_gmt":"2026-04-30T12:33:49","slug":"policia-militar-de-uniao-da-vitoria-prende-homem-por-violencia-domestica-2","status":"publish","type":"post","link":"https:\/\/radiostudiow.com.br\/site\/2026\/04\/30\/policia-militar-de-uniao-da-vitoria-prende-homem-por-violencia-domestica-2\/","title":{"rendered":"Pol\u00edcia Militar de Uni\u00e3o da Vit\u00f3ria prende homem por viol\u00eancia dom\u00e9stica"},"content":{"rendered":"\n<figure class=\"wp-block-image size-full\"><img loading=\"lazy\" decoding=\"async\" width=\"731\" height=\"204\" src=\"https:\/\/radiostudiow.com.br\/site\/wp-content\/uploads\/2026\/01\/BARROS-2026.png\" alt=\"\" class=\"wp-image-46173\" srcset=\"https:\/\/radiostudiow.com.br\/site\/wp-content\/uploads\/2026\/01\/BARROS-2026.png 731w, https:\/\/radiostudiow.com.br\/site\/wp-content\/uploads\/2026\/01\/BARROS-2026-300x84.png 300w\" sizes=\"auto, (max-width: 731px) 100vw, 731px\" \/><\/figure>\n\n\n\n<p>A equipe da Pol\u00edcia Militar de Uni\u00e3o da Vit\u00f3ria acionada para atendimento de ocorr\u00eancia de Viol\u00eancia Dom\u00e9stica no bairro Monte Castelo por volta das 21 horas dessa quarta-feira (29).<\/p>\n\n\n\n<p>No local a v\u00edtima relatou que foi agredida fisicamente pelo irm\u00e3o. Diante do desejo de representa\u00e7\u00e3o criminal o autor foi preso e encaminhado a 4\u00aa SDP para provid\u00eancias legais.<\/p>\n","protected":false},"excerpt":{"rendered":"<p>A equipe da Pol\u00edcia Militar de Uni\u00e3o da Vit\u00f3ria acionada para atendimento de ocorr\u00eancia de Viol\u00eancia Dom\u00e9stica no bairro Monte Castelo por volta das 21 horas dessa quarta-feira (29). No local a v\u00edtima relatou que foi agredida fisicamente pelo irm\u00e3o. Diante do desejo de representa\u00e7\u00e3o criminal o autor foi preso e encaminhado a 4\u00aa SDP [&hellip;]<\/p>\n","protected":false},"author":2,"featured_media":13676,"comment_status":"open","ping_status":"open","sticky":false,"template":"","format":"standard","meta":{"footnotes":""},"categories":[2],"tags":[172],"class_list":["post-49663","post","type-post","status-publish","format-standard","has-post-thumbnail","hentry","category-policial","tag-featured"],"amp_enabled":true,"_links":{"self":[{"href":"https:\/\/radiostudiow.com.br\/site\/wp-json\/wp\/v2\/posts\/49663","targetHints":{"allow":["GET"]}}],"collection":[{"href":"https:\/\/radiostudiow.com.br\/site\/wp-json\/wp\/v2\/posts"}],"about":[{"href":"https:\/\/radiostudiow.com.br\/site\/wp-json\/wp\/v2\/types\/post"}],"author":[{"embeddable":true,"href":"https:\/\/radiostudiow.com.br\/site\/wp-json\/wp\/v2\/users\/2"}],"replies":[{"embeddable":true,"href":"https:\/\/radiostudiow.com.br\/site\/wp-json\/wp\/v2\/comments?post=49663"}],"version-history":[{"count":1,"href":"https:\/\/radiostudiow.com.br\/site\/wp-json\/wp\/v2\/posts\/49663\/revisions"}],"predecessor-version":[{"id":49664,"href":"https:\/\/radiostudiow.com.br\/site\/wp-json\/wp\/v2\/posts\/49663\/revisions\/49664"}],"wp:featuredmedia":[{"embeddable":true,"href":"https:\/\/radiostudiow.com.br\/site\/wp-json\/wp\/v2\/media\/13676"}],"wp:attachment":[{"href":"https:\/\/radiostudiow.com.br\/site\/wp-json\/wp\/v2\/media?parent=49663"}],"wp:term":[{"taxonomy":"category","embeddable":true,"href":"https:\/\/radiostudiow.com.br\/site\/wp-json\/wp\/v2\/categories?post=49663"},{"taxonomy":"post_tag","embeddable":true,"href":"https:\/\/radiostudiow.com.br\/site\/wp-json\/wp\/v2\/tags?post=49663"}],"curies":[{"name":"wp","href":"https:\/\/api.w.org\/{rel}","templated":true}]}}