{"id":49665,"date":"2026-04-30T09:39:16","date_gmt":"2026-04-30T12:39:16","guid":{"rendered":"https:\/\/radiostudiow.com.br\/site\/?p=49665"},"modified":"2026-04-30T09:39:16","modified_gmt":"2026-04-30T12:39:16","slug":"policia-militar-prende-homem-por-violencia-domestica-em-paula-freitas-2","status":"publish","type":"post","link":"https:\/\/radiostudiow.com.br\/site\/2026\/04\/30\/policia-militar-prende-homem-por-violencia-domestica-em-paula-freitas-2\/","title":{"rendered":"Pol\u00edcia Militar prende homem por viol\u00eancia dom\u00e9stica em Paula Freitas"},"content":{"rendered":"\n<figure class=\"wp-block-image size-full\"><img loading=\"lazy\" decoding=\"async\" width=\"2560\" height=\"838\" src=\"https:\/\/radiostudiow.com.br\/site\/wp-content\/uploads\/2025\/12\/novo-Rodape-scaled.png\" alt=\"\" class=\"wp-image-45379\" srcset=\"https:\/\/radiostudiow.com.br\/site\/wp-content\/uploads\/2025\/12\/novo-Rodape-scaled.png 2560w, https:\/\/radiostudiow.com.br\/site\/wp-content\/uploads\/2025\/12\/novo-Rodape-300x98.png 300w, https:\/\/radiostudiow.com.br\/site\/wp-content\/uploads\/2025\/12\/novo-Rodape-1024x335.png 1024w, https:\/\/radiostudiow.com.br\/site\/wp-content\/uploads\/2025\/12\/novo-Rodape-768x251.png 768w, https:\/\/radiostudiow.com.br\/site\/wp-content\/uploads\/2025\/12\/novo-Rodape-1536x503.png 1536w, https:\/\/radiostudiow.com.br\/site\/wp-content\/uploads\/2025\/12\/novo-Rodape-2048x670.png 2048w\" sizes=\"auto, (max-width: 2560px) 100vw, 2560px\" \/><\/figure>\n\n\n\n<p>A equipe da Pol\u00edcia Militar de Paula Freitas \u00e9 acionada para atendimento de ocorr\u00eancia de Viol\u00eancia Dom\u00e9stica por volta das 22h50min dessa quarta-feira (29).<\/p>\n\n\n\n<p>No local as vitimas relataram que foram amea\u00e7adas de morte pelo irm\u00e3o. Diante do desejo de<br>representa\u00e7\u00e3o criminal o autor foi preso e encaminhado a 4\u00aa SDP para provid\u00eancias legais.<\/p>\n","protected":false},"excerpt":{"rendered":"<p>A equipe da Pol\u00edcia Militar de Paula Freitas \u00e9 acionada para atendimento de ocorr\u00eancia de Viol\u00eancia Dom\u00e9stica por volta das 22h50min dessa quarta-feira (29). No local as vitimas relataram que foram amea\u00e7adas de morte pelo irm\u00e3o. Diante do desejo derepresenta\u00e7\u00e3o criminal o autor foi preso e encaminhado a 4\u00aa SDP para provid\u00eancias legais.<\/p>\n","protected":false},"author":2,"featured_media":32757,"comment_status":"open","ping_status":"open","sticky":false,"template":"","format":"standard","meta":{"footnotes":""},"categories":[2],"tags":[172],"class_list":["post-49665","post","type-post","status-publish","format-standard","has-post-thumbnail","hentry","category-policial","tag-featured"],"amp_enabled":true,"_links":{"self":[{"href":"https:\/\/radiostudiow.com.br\/site\/wp-json\/wp\/v2\/posts\/49665","targetHints":{"allow":["GET"]}}],"collection":[{"href":"https:\/\/radiostudiow.com.br\/site\/wp-json\/wp\/v2\/posts"}],"about":[{"href":"https:\/\/radiostudiow.com.br\/site\/wp-json\/wp\/v2\/types\/post"}],"author":[{"embeddable":true,"href":"https:\/\/radiostudiow.com.br\/site\/wp-json\/wp\/v2\/users\/2"}],"replies":[{"embeddable":true,"href":"https:\/\/radiostudiow.com.br\/site\/wp-json\/wp\/v2\/comments?post=49665"}],"version-history":[{"count":2,"href":"https:\/\/radiostudiow.com.br\/site\/wp-json\/wp\/v2\/posts\/49665\/revisions"}],"predecessor-version":[{"id":49667,"href":"https:\/\/radiostudiow.com.br\/site\/wp-json\/wp\/v2\/posts\/49665\/revisions\/49667"}],"wp:featuredmedia":[{"embeddable":true,"href":"https:\/\/radiostudiow.com.br\/site\/wp-json\/wp\/v2\/media\/32757"}],"wp:attachment":[{"href":"https:\/\/radiostudiow.com.br\/site\/wp-json\/wp\/v2\/media?parent=49665"}],"wp:term":[{"taxonomy":"category","embeddable":true,"href":"https:\/\/radiostudiow.com.br\/site\/wp-json\/wp\/v2\/categories?post=49665"},{"taxonomy":"post_tag","embeddable":true,"href":"https:\/\/radiostudiow.com.br\/site\/wp-json\/wp\/v2\/tags?post=49665"}],"curies":[{"name":"wp","href":"https:\/\/api.w.org\/{rel}","templated":true}]}}