{"id":49687,"date":"2026-04-30T11:47:02","date_gmt":"2026-04-30T14:47:02","guid":{"rendered":"https:\/\/radiostudiow.com.br\/site\/?p=49687"},"modified":"2026-04-30T11:47:02","modified_gmt":"2026-04-30T14:47:02","slug":"engavetamento-envolvendo-tres-veiculos-e-registrado-no-trevo-das-brs-476-e-153-em-paulo-frontin","status":"publish","type":"post","link":"https:\/\/radiostudiow.com.br\/site\/2026\/04\/30\/engavetamento-envolvendo-tres-veiculos-e-registrado-no-trevo-das-brs-476-e-153-em-paulo-frontin\/","title":{"rendered":"Engavetamento envolvendo tr\u00eas ve\u00edculos \u00e9 registrado no trevo das BRs 476 e 153, em Paulo Frontin"},"content":{"rendered":"\n<figure class=\"wp-block-image size-full\"><img loading=\"lazy\" decoding=\"async\" width=\"897\" height=\"204\" src=\"https:\/\/radiostudiow.com.br\/site\/wp-content\/uploads\/2025\/03\/image-62.png\" alt=\"\" class=\"wp-image-35859\" srcset=\"https:\/\/radiostudiow.com.br\/site\/wp-content\/uploads\/2025\/03\/image-62.png 897w, https:\/\/radiostudiow.com.br\/site\/wp-content\/uploads\/2025\/03\/image-62-300x68.png 300w, https:\/\/radiostudiow.com.br\/site\/wp-content\/uploads\/2025\/03\/image-62-768x175.png 768w\" sizes=\"auto, (max-width: 897px) 100vw, 897px\" \/><\/figure>\n\n\n\n<p class=\"has-medium-font-size\"><strong>Na manh\u00e3 desta quarta-feira dia 29 de abril, por volta das 8h, um engavetamento foi registrado no trevo de acesso entre as rodovias BR-476 e BR-153, no munic\u00edpio de Paulo Frontin.<br>A ocorr\u00eancia envolveu uma carreta Scania cegonha, um caminh\u00e3o Ford\/Cargo tipo ba\u00fa (truck) e um autom\u00f3vel Chevrolet Corsa, todos com placas padr\u00e3o Mercosul.<\/strong><\/p>\n\n\n\n<p class=\"has-medium-font-size\"><br><strong>Em conversa com a equipe de reportagem da Studio W, o condutor do Corsa \u2014 morador de Porto Uni\u00e3o, o qual \u00e9 chef confeiteiro da Panificadora Nosso P\u00e3o, de Mallet<\/strong> \u2014 relatou que seguia para o trabalho no momento do acidente.<br><strong>Segundo ele, ao chegar no trevo, aguardava para realizar a convers\u00e3o \u00e0 esquerda e acessar a BR-153 sentido \u00e0 Mallet , quando seu ve\u00edculo foi atingido na traseira por um caminh\u00e3o furg\u00e3o.<\/strong><\/p>\n\n\n\n<figure class=\"wp-block-image size-large is-resized\"><img loading=\"lazy\" decoding=\"async\" width=\"1024\" height=\"576\" src=\"https:\/\/radiostudiow.com.br\/site\/wp-content\/uploads\/2026\/04\/375d1316-2d6a-44dd-bdba-558e1c044d96-1024x576.jpg\" alt=\"\" class=\"wp-image-49688\" style=\"width:730px;height:auto\" srcset=\"https:\/\/radiostudiow.com.br\/site\/wp-content\/uploads\/2026\/04\/375d1316-2d6a-44dd-bdba-558e1c044d96-1024x576.jpg 1024w, https:\/\/radiostudiow.com.br\/site\/wp-content\/uploads\/2026\/04\/375d1316-2d6a-44dd-bdba-558e1c044d96-300x169.jpg 300w, https:\/\/radiostudiow.com.br\/site\/wp-content\/uploads\/2026\/04\/375d1316-2d6a-44dd-bdba-558e1c044d96-768x432.jpg 768w, https:\/\/radiostudiow.com.br\/site\/wp-content\/uploads\/2026\/04\/375d1316-2d6a-44dd-bdba-558e1c044d96-1536x864.jpg 1536w, https:\/\/radiostudiow.com.br\/site\/wp-content\/uploads\/2026\/04\/375d1316-2d6a-44dd-bdba-558e1c044d96.jpg 1600w\" sizes=\"auto, (max-width: 1024px) 100vw, 1024px\" \/><\/figure>\n\n\n\n<figure class=\"wp-block-image size-full\"><img loading=\"lazy\" decoding=\"async\" width=\"731\" height=\"204\" src=\"https:\/\/radiostudiow.com.br\/site\/wp-content\/uploads\/2026\/01\/pax-2026.png\" alt=\"\" class=\"wp-image-46172\" srcset=\"https:\/\/radiostudiow.com.br\/site\/wp-content\/uploads\/2026\/01\/pax-2026.png 731w, https:\/\/radiostudiow.com.br\/site\/wp-content\/uploads\/2026\/01\/pax-2026-300x84.png 300w\" sizes=\"auto, (max-width: 731px) 100vw, 731px\" \/><\/figure>\n\n\n\n<p class=\"has-medium-font-size\"><br>Ainda conforme o relato, ao sair do carro, ele percebeu que o caminh\u00e3o havia sido atingido pela carreta cegonha, que supostamente seguia sentido S\u00e3o Mateus do Sul e precisaria acessar o outro lado da via, momento em que acabou colidindo na traseira do caminh\u00e3o que tamb\u00e9m aguardava para realizar a convers\u00e3o, provocando o engavetamento.<br><strong>Com o impacto, o Chevrolet Corsa sofreu danos em toda a parte traseira. Apesar da gravidade da colis\u00e3o, ningu\u00e9m ficou ferido.<br><\/strong><\/p>\n\n\n\n<p style=\"font-size:30px\"><strong>O motorista informou ainda \u00e0 reportagem da Studio W que o condutor da carreta cegonha assumiu a responsabilidade pelo acidente, comprometendo-se a acionar o seguro do ve\u00edculo para cobrir os preju\u00edzos causados.<\/strong><\/p>\n\n\n\n<p class=\"has-medium-font-size\"><br>As circunst\u00e2ncias do acidente dever\u00e3o ser apuradas pelas autoridades competentes.<\/p>\n\n\n\n<h2 class=\"wp-block-heading\">Informa\u00e7\u00f5es: Reda\u00e7\u00e3o do W Not\u00edcias da Studio W TV<\/h2>\n\n\n\n<p><\/p>\n","protected":false},"excerpt":{"rendered":"<p>Na manh\u00e3 desta quarta-feira dia 29 de abril, por volta das 8h, um engavetamento foi registrado no trevo de acesso entre as rodovias BR-476 e BR-153, no munic\u00edpio de Paulo Frontin.A ocorr\u00eancia envolveu uma carreta Scania cegonha, um caminh\u00e3o Ford\/Cargo tipo ba\u00fa (truck) e um autom\u00f3vel Chevrolet Corsa, todos com placas padr\u00e3o Mercosul. Em conversa [&hellip;]<\/p>\n","protected":false},"author":2,"featured_media":49689,"comment_status":"open","ping_status":"open","sticky":false,"template":"","format":"standard","meta":{"footnotes":""},"categories":[185],"tags":[172],"class_list":["post-49687","post","type-post","status-publish","format-standard","has-post-thumbnail","hentry","category-regional","tag-featured"],"amp_enabled":true,"_links":{"self":[{"href":"https:\/\/radiostudiow.com.br\/site\/wp-json\/wp\/v2\/posts\/49687","targetHints":{"allow":["GET"]}}],"collection":[{"href":"https:\/\/radiostudiow.com.br\/site\/wp-json\/wp\/v2\/posts"}],"about":[{"href":"https:\/\/radiostudiow.com.br\/site\/wp-json\/wp\/v2\/types\/post"}],"author":[{"embeddable":true,"href":"https:\/\/radiostudiow.com.br\/site\/wp-json\/wp\/v2\/users\/2"}],"replies":[{"embeddable":true,"href":"https:\/\/radiostudiow.com.br\/site\/wp-json\/wp\/v2\/comments?post=49687"}],"version-history":[{"count":1,"href":"https:\/\/radiostudiow.com.br\/site\/wp-json\/wp\/v2\/posts\/49687\/revisions"}],"predecessor-version":[{"id":49690,"href":"https:\/\/radiostudiow.com.br\/site\/wp-json\/wp\/v2\/posts\/49687\/revisions\/49690"}],"wp:featuredmedia":[{"embeddable":true,"href":"https:\/\/radiostudiow.com.br\/site\/wp-json\/wp\/v2\/media\/49689"}],"wp:attachment":[{"href":"https:\/\/radiostudiow.com.br\/site\/wp-json\/wp\/v2\/media?parent=49687"}],"wp:term":[{"taxonomy":"category","embeddable":true,"href":"https:\/\/radiostudiow.com.br\/site\/wp-json\/wp\/v2\/categories?post=49687"},{"taxonomy":"post_tag","embeddable":true,"href":"https:\/\/radiostudiow.com.br\/site\/wp-json\/wp\/v2\/tags?post=49687"}],"curies":[{"name":"wp","href":"https:\/\/api.w.org\/{rel}","templated":true}]}}