{"id":5060,"date":"2021-12-22T10:03:30","date_gmt":"2021-12-22T13:03:30","guid":{"rendered":"https:\/\/radiostudiow.com.br\/site\/?p=5060"},"modified":"2025-01-31T15:12:14","modified_gmt":"2025-01-31T18:12:14","slug":"adolescente-morre-ao-fazer-mencao-que-iria-atirar-contra-policiais-em-imbituva","status":"publish","type":"post","link":"https:\/\/radiostudiow.com.br\/site\/2021\/12\/22\/adolescente-morre-ao-fazer-mencao-que-iria-atirar-contra-policiais-em-imbituva\/","title":{"rendered":"Adolescente morre ao fazer men\u00e7\u00e3o que iria atirar contra policiais em Imbituva"},"content":{"rendered":"\n<p>Em Imbituva, na noite de ter\u00e7a-feira (21), por volta das 21h, uma tentativa de abordagem da Pol\u00edcia Militar terminou com um adolescente de 17 anos morto. Ele teria feito men\u00e7\u00e3o que iria atirar contra a equipe. O fato ocorreu no bairro Vila Nova.<\/p>\n\n\n\n<p>De acordo com a PM, a equipe foi atender uma situa\u00e7\u00e3o de disparo de arma de fogo. No local, ao ver os policiais o suspeito fugiu com uma arma de fogo nas m\u00e3os e teria demonstrado que poderia atirar contra a equipe. \u201cFoi necess\u00e1rio efetuar disparos para preservar a integridade dos policiais\u201d, diz a nota da 8\u00aa Companhia Independente.<\/p>\n\n\n\n<p>O proj\u00e9til atingiu a regi\u00e3o da barriga. Foi acionado socorro e ele foi encaminhado ao Pronto Atendimento Municipal, onde faleceu.<\/p>\n\n\n\n<p>A arma foi apreendida, sendo um rev\u00f3lver calibre 38, com duas muni\u00e7\u00f5es percutidas.<\/p>\n\n\n\n<figure class=\"wp-block-image size-full\"><img decoding=\"async\" src=\"https:\/\/radiostudiow.com.br\/site\/wp-content\/uploads\/2021\/12\/181477924_4057871754271399_5028618028704236041_n.jpg\" alt=\"\" class=\"wp-image-4817\"\/><\/figure>\n","protected":false},"excerpt":{"rendered":"<p>Em Imbituva, na noite de ter\u00e7a-feira (21), por volta das 21h, uma tentativa de abordagem da Pol\u00edcia Militar terminou com um adolescente de 17 anos morto. Ele teria feito men\u00e7\u00e3o que iria atirar contra a equipe. O fato ocorreu no bairro Vila Nova. De acordo com a PM, a equipe foi atender uma situa\u00e7\u00e3o de [&hellip;]<\/p>\n","protected":false},"author":2,"featured_media":5061,"comment_status":"open","ping_status":"open","sticky":false,"template":"","format":"standard","meta":{"footnotes":""},"categories":[2],"tags":[172],"class_list":["post-5060","post","type-post","status-publish","format-standard","has-post-thumbnail","hentry","category-policial","tag-featured"],"amp_enabled":true,"_links":{"self":[{"href":"https:\/\/radiostudiow.com.br\/site\/wp-json\/wp\/v2\/posts\/5060","targetHints":{"allow":["GET"]}}],"collection":[{"href":"https:\/\/radiostudiow.com.br\/site\/wp-json\/wp\/v2\/posts"}],"about":[{"href":"https:\/\/radiostudiow.com.br\/site\/wp-json\/wp\/v2\/types\/post"}],"author":[{"embeddable":true,"href":"https:\/\/radiostudiow.com.br\/site\/wp-json\/wp\/v2\/users\/2"}],"replies":[{"embeddable":true,"href":"https:\/\/radiostudiow.com.br\/site\/wp-json\/wp\/v2\/comments?post=5060"}],"version-history":[{"count":1,"href":"https:\/\/radiostudiow.com.br\/site\/wp-json\/wp\/v2\/posts\/5060\/revisions"}],"predecessor-version":[{"id":5062,"href":"https:\/\/radiostudiow.com.br\/site\/wp-json\/wp\/v2\/posts\/5060\/revisions\/5062"}],"wp:featuredmedia":[{"embeddable":true,"href":"https:\/\/radiostudiow.com.br\/site\/wp-json\/wp\/v2\/media\/5061"}],"wp:attachment":[{"href":"https:\/\/radiostudiow.com.br\/site\/wp-json\/wp\/v2\/media?parent=5060"}],"wp:term":[{"taxonomy":"category","embeddable":true,"href":"https:\/\/radiostudiow.com.br\/site\/wp-json\/wp\/v2\/categories?post=5060"},{"taxonomy":"post_tag","embeddable":true,"href":"https:\/\/radiostudiow.com.br\/site\/wp-json\/wp\/v2\/tags?post=5060"}],"curies":[{"name":"wp","href":"https:\/\/api.w.org\/{rel}","templated":true}]}}