{"id":5067,"date":"2021-12-23T10:13:17","date_gmt":"2021-12-23T13:13:17","guid":{"rendered":"https:\/\/radiostudiow.com.br\/site\/?p=5067"},"modified":"2025-01-31T15:12:14","modified_gmt":"2025-01-31T18:12:14","slug":"oleo-diesel-e-furtado-de-escavadeira-em-paula-freitas","status":"publish","type":"post","link":"https:\/\/radiostudiow.com.br\/site\/2021\/12\/23\/oleo-diesel-e-furtado-de-escavadeira-em-paula-freitas\/","title":{"rendered":"\u00d3leo Diesel \u00e9 furtado de escavadeira em Paula Freitas"},"content":{"rendered":"\n<p>Equipe da Pol\u00edcia Militar \u00e9 acionada ap\u00f3s propriet\u00e1rio constatar furto de \u00d3leo Diesel em sua resid\u00eancia na \u00e1rea rural de Paula Freitas nessa quarta-feira (22).<\/p>\n\n\n\n<p>Os policiais compareceram ao local por volta das 14:30 horas e em conversa com a v\u00edtima, o qual relatou que foi furtado certa quantidade de \u00f3leo diesel armazenados nos tanques de uma escavadeira e de um compressor no decorrer do final de semana.<\/p>\n\n\n\n<p>Diante dos fatos a v\u00edtima foi orientada quanto aos procedimentos cab\u00edveis.<\/p>\n\n\n\n<figure class=\"wp-block-image size-large\"><img decoding=\"async\" src=\"https:\/\/radiostudiow.com.br\/site\/wp-content\/uploads\/2021\/11\/240387432_2992083691066122_4820772207429196742_n-1024x393.jpg\" alt=\"\" class=\"wp-image-4314\"\/><\/figure>\n","protected":false},"excerpt":{"rendered":"<p>Equipe da Pol\u00edcia Militar \u00e9 acionada ap\u00f3s propriet\u00e1rio constatar furto de \u00d3leo Diesel em sua resid\u00eancia na \u00e1rea rural de Paula Freitas nessa quarta-feira (22). Os policiais compareceram ao local por volta das 14:30 horas e em conversa com a v\u00edtima, o qual relatou que foi furtado certa quantidade de \u00f3leo diesel armazenados nos tanques [&hellip;]<\/p>\n","protected":false},"author":2,"featured_media":3956,"comment_status":"open","ping_status":"open","sticky":false,"template":"","format":"standard","meta":{"footnotes":""},"categories":[2],"tags":[172],"class_list":["post-5067","post","type-post","status-publish","format-standard","has-post-thumbnail","hentry","category-policial","tag-featured"],"amp_enabled":true,"_links":{"self":[{"href":"https:\/\/radiostudiow.com.br\/site\/wp-json\/wp\/v2\/posts\/5067","targetHints":{"allow":["GET"]}}],"collection":[{"href":"https:\/\/radiostudiow.com.br\/site\/wp-json\/wp\/v2\/posts"}],"about":[{"href":"https:\/\/radiostudiow.com.br\/site\/wp-json\/wp\/v2\/types\/post"}],"author":[{"embeddable":true,"href":"https:\/\/radiostudiow.com.br\/site\/wp-json\/wp\/v2\/users\/2"}],"replies":[{"embeddable":true,"href":"https:\/\/radiostudiow.com.br\/site\/wp-json\/wp\/v2\/comments?post=5067"}],"version-history":[{"count":1,"href":"https:\/\/radiostudiow.com.br\/site\/wp-json\/wp\/v2\/posts\/5067\/revisions"}],"predecessor-version":[{"id":5068,"href":"https:\/\/radiostudiow.com.br\/site\/wp-json\/wp\/v2\/posts\/5067\/revisions\/5068"}],"wp:featuredmedia":[{"embeddable":true,"href":"https:\/\/radiostudiow.com.br\/site\/wp-json\/wp\/v2\/media\/3956"}],"wp:attachment":[{"href":"https:\/\/radiostudiow.com.br\/site\/wp-json\/wp\/v2\/media?parent=5067"}],"wp:term":[{"taxonomy":"category","embeddable":true,"href":"https:\/\/radiostudiow.com.br\/site\/wp-json\/wp\/v2\/categories?post=5067"},{"taxonomy":"post_tag","embeddable":true,"href":"https:\/\/radiostudiow.com.br\/site\/wp-json\/wp\/v2\/tags?post=5067"}],"curies":[{"name":"wp","href":"https:\/\/api.w.org\/{rel}","templated":true}]}}