{"id":5074,"date":"2021-12-23T17:30:26","date_gmt":"2021-12-23T20:30:26","guid":{"rendered":"https:\/\/radiostudiow.com.br\/site\/?p=5074"},"modified":"2025-01-31T15:12:14","modified_gmt":"2025-01-31T18:12:14","slug":"motorista-perde-controle-e-capota-veiculo-na-br-153-em-general-carneiro","status":"publish","type":"post","link":"https:\/\/radiostudiow.com.br\/site\/2021\/12\/23\/motorista-perde-controle-e-capota-veiculo-na-br-153-em-general-carneiro\/","title":{"rendered":"Motorista perde controle e capota ve\u00edculo na BR-153 em General Carneiro"},"content":{"rendered":"\n<p>Um acidente envolvendo um ve\u00edculo na rodovia BR-153, na cidade de General Carneiro por volta das 12:35 horas dessa quarta-feira, 22 de dezembro, , mobilizou a equipe do Corpo de Bombeiros.<\/p>\n\n\n\n<p>Segundo informa\u00e7\u00f5es, o acidente ocorreu na altura do KM 493 e envolveu um ve\u00edculo VW\/Saveiro de cor branca que seguia sentido a per\u00edmetro urbano de General Carneiro, quando o motorista perdeu o controle e acabou capotando.<\/p>\n\n\n\n<p>Com o acidente, o motorista acabou sofrendo ferimentos nos membros inferiores e foi socorrido por terceiros, sendo encaminhado para cuidados m\u00e9dicos antes da chegada da equipe dos Bombeiros que realizaram os servi\u00e7os cab\u00edveis, deixando o local seguro.<\/p>\n\n\n\n<figure class=\"wp-block-image size-full\"><img decoding=\"async\" src=\"https:\/\/radiostudiow.com.br\/site\/wp-content\/uploads\/2021\/09\/NUTRI-MALLET.jpg\" alt=\"\" class=\"wp-image-3543\"\/><\/figure>\n","protected":false},"excerpt":{"rendered":"<p>Um acidente envolvendo um ve\u00edculo na rodovia BR-153, na cidade de General Carneiro por volta das 12:35 horas dessa quarta-feira, 22 de dezembro, , mobilizou a equipe do Corpo de Bombeiros. Segundo informa\u00e7\u00f5es, o acidente ocorreu na altura do KM 493 e envolveu um ve\u00edculo VW\/Saveiro de cor branca que seguia sentido a per\u00edmetro urbano [&hellip;]<\/p>\n","protected":false},"author":2,"featured_media":5075,"comment_status":"open","ping_status":"open","sticky":false,"template":"","format":"standard","meta":{"footnotes":""},"categories":[2],"tags":[172],"class_list":["post-5074","post","type-post","status-publish","format-standard","has-post-thumbnail","hentry","category-policial","tag-featured"],"amp_enabled":true,"_links":{"self":[{"href":"https:\/\/radiostudiow.com.br\/site\/wp-json\/wp\/v2\/posts\/5074","targetHints":{"allow":["GET"]}}],"collection":[{"href":"https:\/\/radiostudiow.com.br\/site\/wp-json\/wp\/v2\/posts"}],"about":[{"href":"https:\/\/radiostudiow.com.br\/site\/wp-json\/wp\/v2\/types\/post"}],"author":[{"embeddable":true,"href":"https:\/\/radiostudiow.com.br\/site\/wp-json\/wp\/v2\/users\/2"}],"replies":[{"embeddable":true,"href":"https:\/\/radiostudiow.com.br\/site\/wp-json\/wp\/v2\/comments?post=5074"}],"version-history":[{"count":1,"href":"https:\/\/radiostudiow.com.br\/site\/wp-json\/wp\/v2\/posts\/5074\/revisions"}],"predecessor-version":[{"id":5076,"href":"https:\/\/radiostudiow.com.br\/site\/wp-json\/wp\/v2\/posts\/5074\/revisions\/5076"}],"wp:featuredmedia":[{"embeddable":true,"href":"https:\/\/radiostudiow.com.br\/site\/wp-json\/wp\/v2\/media\/5075"}],"wp:attachment":[{"href":"https:\/\/radiostudiow.com.br\/site\/wp-json\/wp\/v2\/media?parent=5074"}],"wp:term":[{"taxonomy":"category","embeddable":true,"href":"https:\/\/radiostudiow.com.br\/site\/wp-json\/wp\/v2\/categories?post=5074"},{"taxonomy":"post_tag","embeddable":true,"href":"https:\/\/radiostudiow.com.br\/site\/wp-json\/wp\/v2\/tags?post=5074"}],"curies":[{"name":"wp","href":"https:\/\/api.w.org\/{rel}","templated":true}]}}