{"id":5077,"date":"2021-12-24T10:26:47","date_gmt":"2021-12-24T13:26:47","guid":{"rendered":"https:\/\/radiostudiow.com.br\/site\/?p=5077"},"modified":"2025-01-31T15:12:14","modified_gmt":"2025-01-31T18:12:14","slug":"mulher-comparece-ao-pelotao-policial-apos-ser-agredida","status":"publish","type":"post","link":"https:\/\/radiostudiow.com.br\/site\/2021\/12\/24\/mulher-comparece-ao-pelotao-policial-apos-ser-agredida\/","title":{"rendered":"Mulher comparece ao pelot\u00e3o policial ap\u00f3s ser agredida"},"content":{"rendered":"\n<p>Uma mulher compareceu ao Pelot\u00e3o da Pol\u00edcia Militar de Paulo Frontin por volta das 14:00 horas dessa quinta-feira (23), ap\u00f3s uma situa\u00e7\u00e3o de les\u00e3o corporal na Col\u00f4nia Gon\u00e7alves Junior.<\/p>\n\n\n\n<p>De acordo com a solicitante, sua irm\u00e3 foi at\u00e9 sua resid\u00eancia no domingo, 19 de Dezembro, pr\u00f3ximo \u00e0s 13:00 horas e a agrediu verbalmente e fisicamente no t\u00f3rax e rosto. A mulher afirma que sua irm\u00e3 sofre de esquizofrenia e que em outros momentos j\u00e1 sofreu agress\u00f5es.<\/p>\n\n\n\n<p>Diante da situa\u00e7\u00e3o a equipe policial orientou a solicitante quanto aos procedimentos.<\/p>\n\n\n\n<figure class=\"wp-block-image size-full\"><img decoding=\"async\" src=\"https:\/\/radiostudiow.com.br\/site\/wp-content\/uploads\/2021\/12\/181477924_4057871754271399_5028618028704236041_n.jpg\" alt=\"\" class=\"wp-image-4817\"\/><\/figure>\n","protected":false},"excerpt":{"rendered":"<p>Uma mulher compareceu ao Pelot\u00e3o da Pol\u00edcia Militar de Paulo Frontin por volta das 14:00 horas dessa quinta-feira (23), ap\u00f3s uma situa\u00e7\u00e3o de les\u00e3o corporal na Col\u00f4nia Gon\u00e7alves Junior. De acordo com a solicitante, sua irm\u00e3 foi at\u00e9 sua resid\u00eancia no domingo, 19 de Dezembro, pr\u00f3ximo \u00e0s 13:00 horas e a agrediu verbalmente e fisicamente [&hellip;]<\/p>\n","protected":false},"author":2,"featured_media":0,"comment_status":"open","ping_status":"open","sticky":false,"template":"","format":"standard","meta":{"footnotes":""},"categories":[2],"tags":[172],"class_list":["post-5077","post","type-post","status-publish","format-standard","hentry","category-policial","tag-featured"],"amp_enabled":true,"_links":{"self":[{"href":"https:\/\/radiostudiow.com.br\/site\/wp-json\/wp\/v2\/posts\/5077","targetHints":{"allow":["GET"]}}],"collection":[{"href":"https:\/\/radiostudiow.com.br\/site\/wp-json\/wp\/v2\/posts"}],"about":[{"href":"https:\/\/radiostudiow.com.br\/site\/wp-json\/wp\/v2\/types\/post"}],"author":[{"embeddable":true,"href":"https:\/\/radiostudiow.com.br\/site\/wp-json\/wp\/v2\/users\/2"}],"replies":[{"embeddable":true,"href":"https:\/\/radiostudiow.com.br\/site\/wp-json\/wp\/v2\/comments?post=5077"}],"version-history":[{"count":1,"href":"https:\/\/radiostudiow.com.br\/site\/wp-json\/wp\/v2\/posts\/5077\/revisions"}],"predecessor-version":[{"id":5078,"href":"https:\/\/radiostudiow.com.br\/site\/wp-json\/wp\/v2\/posts\/5077\/revisions\/5078"}],"wp:attachment":[{"href":"https:\/\/radiostudiow.com.br\/site\/wp-json\/wp\/v2\/media?parent=5077"}],"wp:term":[{"taxonomy":"category","embeddable":true,"href":"https:\/\/radiostudiow.com.br\/site\/wp-json\/wp\/v2\/categories?post=5077"},{"taxonomy":"post_tag","embeddable":true,"href":"https:\/\/radiostudiow.com.br\/site\/wp-json\/wp\/v2\/tags?post=5077"}],"curies":[{"name":"wp","href":"https:\/\/api.w.org\/{rel}","templated":true}]}}