{"id":508,"date":"2021-02-20T17:07:48","date_gmt":"2021-02-20T17:07:48","guid":{"rendered":"https:\/\/radiostudiow.com.br\/site\/?p=508"},"modified":"2021-02-23T16:33:43","modified_gmt":"2021-02-23T16:33:43","slug":"homem-morreu-apos-ser-esfaqueado-em-sao-mateus-do-sul","status":"publish","type":"post","link":"https:\/\/radiostudiow.com.br\/site\/2021\/02\/20\/homem-morreu-apos-ser-esfaqueado-em-sao-mateus-do-sul\/","title":{"rendered":"HOMEM MORRE AP\u00d3S SER ESFAQUEADO EM S\u00c3O MATEUS DO SUL"},"content":{"rendered":"\n<p>Um homem foi esfaqueado na pra\u00e7a da rodovi\u00e1ria de S\u00e3o Mateus do Sul durante uma briga por volta das 15:10 horas desta sexta-feira (19).<br>O corpo de bombeiros foi acionado e prestou socorro para a v\u00edtima, identificado por <strong>Nelson Gon\u00e7alves Padilha<\/strong>, 39 anos, sendo encaminhado para o pronto-socorro municipal com um ferimento de arma branca grave nas costas.<br>A equipe da Policia Militar de S\u00e3o Jo\u00e3o do Triunfo que estava em S\u00e3o Mateus dando apoio de imediato se deslocou e prendeu em flagrante o autor da facada.<br>O autor disse que durante uma briga acabou tomando a faca da v\u00edtima e desferiu o golpe. Diante da situa\u00e7\u00e3o foi dado voz de pris\u00e3o ao indiv\u00edduo e encaminhado para o pronto atendimento para preenchimento de ficha ambulatorial e posteriormente para a 3\u00aa SDP.<br>Devido as gravidades dos ferimentos, Nelson foi transferido para o Hospital Regional em Uni\u00e3o da Vit\u00f3ria ainda na tarde de sexta \u2013 feira (19). Na manh\u00e3 deste s\u00e1bado, 20 de Fevereiro, ele n\u00e3o resistiu e acabou vindo a \u00f3bito.<br>O corpo foi encaminhado para o IML e ap\u00f3s libera\u00e7\u00e3o ser\u00e1 trasladado para S\u00e3o Mateus do Sul para vel\u00f3rio e sepultamento.<br><\/p>\n","protected":false},"excerpt":{"rendered":"<p>Um homem foi esfaqueado na pra\u00e7a da rodovi\u00e1ria de S\u00e3o Mateus do Sul durante uma briga por volta das 15:10 horas desta sexta-feira (19).O corpo de bombeiros foi acionado e prestou socorro para a v\u00edtima, identificado por Nelson Gon\u00e7alves Padilha, 39 anos, sendo encaminhado para o pronto-socorro municipal com um ferimento de arma branca grave [&hellip;]<\/p>\n","protected":false},"author":2,"featured_media":0,"comment_status":"open","ping_status":"open","sticky":false,"template":"","format":"standard","meta":{"footnotes":""},"categories":[2],"tags":[],"class_list":["post-508","post","type-post","status-publish","format-standard","hentry","category-policial"],"amp_enabled":true,"_links":{"self":[{"href":"https:\/\/radiostudiow.com.br\/site\/wp-json\/wp\/v2\/posts\/508","targetHints":{"allow":["GET"]}}],"collection":[{"href":"https:\/\/radiostudiow.com.br\/site\/wp-json\/wp\/v2\/posts"}],"about":[{"href":"https:\/\/radiostudiow.com.br\/site\/wp-json\/wp\/v2\/types\/post"}],"author":[{"embeddable":true,"href":"https:\/\/radiostudiow.com.br\/site\/wp-json\/wp\/v2\/users\/2"}],"replies":[{"embeddable":true,"href":"https:\/\/radiostudiow.com.br\/site\/wp-json\/wp\/v2\/comments?post=508"}],"version-history":[{"count":2,"href":"https:\/\/radiostudiow.com.br\/site\/wp-json\/wp\/v2\/posts\/508\/revisions"}],"predecessor-version":[{"id":612,"href":"https:\/\/radiostudiow.com.br\/site\/wp-json\/wp\/v2\/posts\/508\/revisions\/612"}],"wp:attachment":[{"href":"https:\/\/radiostudiow.com.br\/site\/wp-json\/wp\/v2\/media?parent=508"}],"wp:term":[{"taxonomy":"category","embeddable":true,"href":"https:\/\/radiostudiow.com.br\/site\/wp-json\/wp\/v2\/categories?post=508"},{"taxonomy":"post_tag","embeddable":true,"href":"https:\/\/radiostudiow.com.br\/site\/wp-json\/wp\/v2\/tags?post=508"}],"curies":[{"name":"wp","href":"https:\/\/api.w.org\/{rel}","templated":true}]}}