{"id":5082,"date":"2021-12-24T11:46:17","date_gmt":"2021-12-24T14:46:17","guid":{"rendered":"https:\/\/radiostudiow.com.br\/site\/?p=5082"},"modified":"2025-01-31T15:12:14","modified_gmt":"2025-01-31T18:12:14","slug":"tvs-foram-furtadas-de-residencia-em-sao-mateus-do-sul","status":"publish","type":"post","link":"https:\/\/radiostudiow.com.br\/site\/2021\/12\/24\/tvs-foram-furtadas-de-residencia-em-sao-mateus-do-sul\/","title":{"rendered":"TVs foram furtadas de resid\u00eancia em S\u00e3o Mateus do Sul"},"content":{"rendered":"\n<p>Pol\u00edcia Militar de S\u00e3o Mateus do Sul registrou uma situa\u00e7\u00e3o de furto em uma resid\u00eancia na \u00e1rea central do munic\u00edpio na madrugada dessa quinta \u2013 feira (23).<\/p>\n\n\n\n<p>A v\u00edtima relatou para equipe policial que uma das janelas de sua casa teria sido arrombada e todos os c\u00f4modos estavam revirados.<\/p>\n\n\n\n<p>No local a equipe constatou o fato, notou que a janela da parte interna da casa havia sido violada e a v\u00edtima deu por falta de duas TVS 55 polegadas da marca Philips e outra Sansung.<\/p>\n\n\n\n<p>Diante da situa\u00e7\u00e3o os policiais realizaram buscas nas imedia\u00e7\u00f5es, por\u00e9m, nada foi localizado e a v\u00edtima foi orientada quanto aos procedimentos cab\u00edveis.<\/p>\n\n\n\n<figure class=\"wp-block-image size-large\"><img decoding=\"async\" src=\"https:\/\/radiostudiow.com.br\/site\/wp-content\/uploads\/2021\/11\/240387432_2992083691066122_4820772207429196742_n-1024x393.jpg\" alt=\"\" class=\"wp-image-4314\"\/><\/figure>\n","protected":false},"excerpt":{"rendered":"<p>Pol\u00edcia Militar de S\u00e3o Mateus do Sul registrou uma situa\u00e7\u00e3o de furto em uma resid\u00eancia na \u00e1rea central do munic\u00edpio na madrugada dessa quinta \u2013 feira (23). A v\u00edtima relatou para equipe policial que uma das janelas de sua casa teria sido arrombada e todos os c\u00f4modos estavam revirados. No local a equipe constatou o [&hellip;]<\/p>\n","protected":false},"author":2,"featured_media":3480,"comment_status":"open","ping_status":"open","sticky":false,"template":"","format":"standard","meta":{"footnotes":""},"categories":[2],"tags":[172],"class_list":["post-5082","post","type-post","status-publish","format-standard","has-post-thumbnail","hentry","category-policial","tag-featured"],"amp_enabled":true,"_links":{"self":[{"href":"https:\/\/radiostudiow.com.br\/site\/wp-json\/wp\/v2\/posts\/5082","targetHints":{"allow":["GET"]}}],"collection":[{"href":"https:\/\/radiostudiow.com.br\/site\/wp-json\/wp\/v2\/posts"}],"about":[{"href":"https:\/\/radiostudiow.com.br\/site\/wp-json\/wp\/v2\/types\/post"}],"author":[{"embeddable":true,"href":"https:\/\/radiostudiow.com.br\/site\/wp-json\/wp\/v2\/users\/2"}],"replies":[{"embeddable":true,"href":"https:\/\/radiostudiow.com.br\/site\/wp-json\/wp\/v2\/comments?post=5082"}],"version-history":[{"count":1,"href":"https:\/\/radiostudiow.com.br\/site\/wp-json\/wp\/v2\/posts\/5082\/revisions"}],"predecessor-version":[{"id":5083,"href":"https:\/\/radiostudiow.com.br\/site\/wp-json\/wp\/v2\/posts\/5082\/revisions\/5083"}],"wp:featuredmedia":[{"embeddable":true,"href":"https:\/\/radiostudiow.com.br\/site\/wp-json\/wp\/v2\/media\/3480"}],"wp:attachment":[{"href":"https:\/\/radiostudiow.com.br\/site\/wp-json\/wp\/v2\/media?parent=5082"}],"wp:term":[{"taxonomy":"category","embeddable":true,"href":"https:\/\/radiostudiow.com.br\/site\/wp-json\/wp\/v2\/categories?post=5082"},{"taxonomy":"post_tag","embeddable":true,"href":"https:\/\/radiostudiow.com.br\/site\/wp-json\/wp\/v2\/tags?post=5082"}],"curies":[{"name":"wp","href":"https:\/\/api.w.org\/{rel}","templated":true}]}}