{"id":5084,"date":"2021-12-24T12:07:23","date_gmt":"2021-12-24T15:07:23","guid":{"rendered":"https:\/\/radiostudiow.com.br\/site\/?p=5084"},"modified":"2025-01-31T15:12:14","modified_gmt":"2025-01-31T18:12:14","slug":"carreta-tomba-na-br-153-em-general-carneiro-e-deixa-um-ferido","status":"publish","type":"post","link":"https:\/\/radiostudiow.com.br\/site\/2021\/12\/24\/carreta-tomba-na-br-153-em-general-carneiro-e-deixa-um-ferido\/","title":{"rendered":"Carreta tomba na BR-153 em General Carneiro e deixa um ferido"},"content":{"rendered":"\n<p>O Corpo de Bombeiros e uma equipe do Pronto Atendimento de General Carneiro estiveram atendendo a um acidente de tr\u00e2nsito, registrado por volta das 09:40 horas da manh\u00e3 desta sexta-feira (24).<\/p>\n\n\n\n<p>De acordo com informa\u00e7\u00f5es o acidente foi registrado na rodovia BR-153, no trecho conhecido como Serra do Honorato e envolveu uma carreta Volvo\/VM 270 de cor branca com placas de Irani\/SC.<\/p>\n\n\n\n<p>Com o acidente, o motorista da carreta sofreu ferimentos de pequena gravidade. Ele recebeu os primeiro socorros e foi encaminhado para receber cuidados m\u00e9dicos.<\/p>\n\n\n\n<figure class=\"wp-block-image size-full\"><img decoding=\"async\" src=\"https:\/\/radiostudiow.com.br\/site\/wp-content\/uploads\/2021\/09\/HF-MALLET.jpg\" alt=\"\" class=\"wp-image-3544\"\/><\/figure>\n","protected":false},"excerpt":{"rendered":"<p>O Corpo de Bombeiros e uma equipe do Pronto Atendimento de General Carneiro estiveram atendendo a um acidente de tr\u00e2nsito, registrado por volta das 09:40 horas da manh\u00e3 desta sexta-feira (24). De acordo com informa\u00e7\u00f5es o acidente foi registrado na rodovia BR-153, no trecho conhecido como Serra do Honorato e envolveu uma carreta Volvo\/VM 270 [&hellip;]<\/p>\n","protected":false},"author":2,"featured_media":5085,"comment_status":"open","ping_status":"open","sticky":false,"template":"","format":"standard","meta":{"footnotes":""},"categories":[2],"tags":[172],"class_list":["post-5084","post","type-post","status-publish","format-standard","has-post-thumbnail","hentry","category-policial","tag-featured"],"amp_enabled":true,"_links":{"self":[{"href":"https:\/\/radiostudiow.com.br\/site\/wp-json\/wp\/v2\/posts\/5084","targetHints":{"allow":["GET"]}}],"collection":[{"href":"https:\/\/radiostudiow.com.br\/site\/wp-json\/wp\/v2\/posts"}],"about":[{"href":"https:\/\/radiostudiow.com.br\/site\/wp-json\/wp\/v2\/types\/post"}],"author":[{"embeddable":true,"href":"https:\/\/radiostudiow.com.br\/site\/wp-json\/wp\/v2\/users\/2"}],"replies":[{"embeddable":true,"href":"https:\/\/radiostudiow.com.br\/site\/wp-json\/wp\/v2\/comments?post=5084"}],"version-history":[{"count":1,"href":"https:\/\/radiostudiow.com.br\/site\/wp-json\/wp\/v2\/posts\/5084\/revisions"}],"predecessor-version":[{"id":5086,"href":"https:\/\/radiostudiow.com.br\/site\/wp-json\/wp\/v2\/posts\/5084\/revisions\/5086"}],"wp:featuredmedia":[{"embeddable":true,"href":"https:\/\/radiostudiow.com.br\/site\/wp-json\/wp\/v2\/media\/5085"}],"wp:attachment":[{"href":"https:\/\/radiostudiow.com.br\/site\/wp-json\/wp\/v2\/media?parent=5084"}],"wp:term":[{"taxonomy":"category","embeddable":true,"href":"https:\/\/radiostudiow.com.br\/site\/wp-json\/wp\/v2\/categories?post=5084"},{"taxonomy":"post_tag","embeddable":true,"href":"https:\/\/radiostudiow.com.br\/site\/wp-json\/wp\/v2\/tags?post=5084"}],"curies":[{"name":"wp","href":"https:\/\/api.w.org\/{rel}","templated":true}]}}