{"id":5088,"date":"2021-12-24T12:11:27","date_gmt":"2021-12-24T15:11:27","guid":{"rendered":"https:\/\/radiostudiow.com.br\/site\/?p=5088"},"modified":"2025-01-31T15:12:14","modified_gmt":"2025-01-31T18:12:14","slug":"homem-com-sintomas-de-embriaguez-e-preso-ao-tenta-agredir-policiais-em-general-carneiro","status":"publish","type":"post","link":"https:\/\/radiostudiow.com.br\/site\/2021\/12\/24\/homem-com-sintomas-de-embriaguez-e-preso-ao-tenta-agredir-policiais-em-general-carneiro\/","title":{"rendered":"Homem com sintomas de embriaguez \u00e9 preso ao tenta agredir policiais em General Carneiro"},"content":{"rendered":"\n<p>A Pol\u00edcia Militar da cidade de General Carneiro esteve atendendo a uma ocorr\u00eancia de les\u00e3o corporal e viol\u00eancia dom\u00e9stica durante a madrugada desta sexta-feira, 24 de dezembro, na \u00e1rea central.<\/p>\n\n\n\n<p>Segundo informa\u00e7\u00f5es, a equipe recebeu um chamado aonde um homem estaria armado com um peda\u00e7o de madeira e totalmente alcoolizado. Ele estava batendo nas paredes e tentando entrar na casa da fam\u00edlia atr\u00e1s de sua m\u00e3e.<\/p>\n\n\n\n<p>No local, o homem estava contido em um primeiro momento, no entanto, se desvencilhou e partiu para cima dos policiais, sendo necess\u00e1rio uso seletivo de for\u00e7a para conter o mesmo. Ele foi detido e conduzido at\u00e9 a delegacia de Uni\u00e3o da Vit\u00f3ria.<\/p>\n\n\n\n<figure class=\"wp-block-image size-full\"><img decoding=\"async\" src=\"https:\/\/radiostudiow.com.br\/site\/wp-content\/uploads\/2021\/09\/NUTRI-MALLET.jpg\" alt=\"\" class=\"wp-image-3543\"\/><\/figure>\n","protected":false},"excerpt":{"rendered":"<p>A Pol\u00edcia Militar da cidade de General Carneiro esteve atendendo a uma ocorr\u00eancia de les\u00e3o corporal e viol\u00eancia dom\u00e9stica durante a madrugada desta sexta-feira, 24 de dezembro, na \u00e1rea central. Segundo informa\u00e7\u00f5es, a equipe recebeu um chamado aonde um homem estaria armado com um peda\u00e7o de madeira e totalmente alcoolizado. Ele estava batendo nas paredes [&hellip;]<\/p>\n","protected":false},"author":2,"featured_media":1222,"comment_status":"open","ping_status":"open","sticky":false,"template":"","format":"standard","meta":{"footnotes":""},"categories":[2],"tags":[172],"class_list":["post-5088","post","type-post","status-publish","format-standard","has-post-thumbnail","hentry","category-policial","tag-featured"],"amp_enabled":true,"_links":{"self":[{"href":"https:\/\/radiostudiow.com.br\/site\/wp-json\/wp\/v2\/posts\/5088","targetHints":{"allow":["GET"]}}],"collection":[{"href":"https:\/\/radiostudiow.com.br\/site\/wp-json\/wp\/v2\/posts"}],"about":[{"href":"https:\/\/radiostudiow.com.br\/site\/wp-json\/wp\/v2\/types\/post"}],"author":[{"embeddable":true,"href":"https:\/\/radiostudiow.com.br\/site\/wp-json\/wp\/v2\/users\/2"}],"replies":[{"embeddable":true,"href":"https:\/\/radiostudiow.com.br\/site\/wp-json\/wp\/v2\/comments?post=5088"}],"version-history":[{"count":1,"href":"https:\/\/radiostudiow.com.br\/site\/wp-json\/wp\/v2\/posts\/5088\/revisions"}],"predecessor-version":[{"id":5089,"href":"https:\/\/radiostudiow.com.br\/site\/wp-json\/wp\/v2\/posts\/5088\/revisions\/5089"}],"wp:featuredmedia":[{"embeddable":true,"href":"https:\/\/radiostudiow.com.br\/site\/wp-json\/wp\/v2\/media\/1222"}],"wp:attachment":[{"href":"https:\/\/radiostudiow.com.br\/site\/wp-json\/wp\/v2\/media?parent=5088"}],"wp:term":[{"taxonomy":"category","embeddable":true,"href":"https:\/\/radiostudiow.com.br\/site\/wp-json\/wp\/v2\/categories?post=5088"},{"taxonomy":"post_tag","embeddable":true,"href":"https:\/\/radiostudiow.com.br\/site\/wp-json\/wp\/v2\/tags?post=5088"}],"curies":[{"name":"wp","href":"https:\/\/api.w.org\/{rel}","templated":true}]}}