{"id":5092,"date":"2021-12-27T09:58:40","date_gmt":"2021-12-27T12:58:40","guid":{"rendered":"https:\/\/radiostudiow.com.br\/site\/?p=5092"},"modified":"2025-01-31T15:12:14","modified_gmt":"2025-01-31T18:12:14","slug":"veiculo-capota-e-fica-com-as-rodas-para-cima-na-br-153-em-general-carneiro","status":"publish","type":"post","link":"https:\/\/radiostudiow.com.br\/site\/2021\/12\/27\/veiculo-capota-e-fica-com-as-rodas-para-cima-na-br-153-em-general-carneiro\/","title":{"rendered":"Ve\u00edculo capota e fica com as rodas para cima na BR-153 em General Carneiro"},"content":{"rendered":"\n<p>O condutor de um Fox da cidade de Schroeder\/SC, perdeu o controle da dire\u00e7\u00e3o e capotou na rodovia BR-153, em General Carneiro. O acidente ocorreu por volta das 06:00 horas da manh\u00e3 deste domingo (25).<\/p>\n\n\n\n<p>De acordo com informa\u00e7\u00f5es levantadas pela reportagem do Canal 4 TV, a equipe dos bombeiros foi acionada para atender a um capotamento na rodovia, na regi\u00e3o de S\u00e3o Zacarias e havia v\u00edtimas, entre elas uma crian\u00e7a. No local, os bombeiros encontraram o carro com as rodas para cima no meio da pista de rolamento, por\u00e9m, n\u00e3o havia feridos.<\/p>\n\n\n\n<p>Segundo o que os bombeiros levantaram, as v\u00edtimas foram socorridas por um camioneiro que passou logo ap\u00f3s o acidente. N\u00e3o tendo detalhes sobre o estado de sa\u00fade das v\u00edtimas. O carro foi removido para o lado de fora da pista e sinalizado o local, at\u00e9 a chegada da Pol\u00edcia Rodovi\u00e1ria Federal.<\/p>\n\n\n\n<figure class=\"wp-block-image size-large\"><img decoding=\"async\" src=\"https:\/\/radiostudiow.com.br\/site\/wp-content\/uploads\/2021\/12\/231815384_4188224831225875_2309644443555162767_n-1024x389.jpg\" alt=\"\" class=\"wp-image-4767\"\/><\/figure>\n","protected":false},"excerpt":{"rendered":"<p>O condutor de um Fox da cidade de Schroeder\/SC, perdeu o controle da dire\u00e7\u00e3o e capotou na rodovia BR-153, em General Carneiro. O acidente ocorreu por volta das 06:00 horas da manh\u00e3 deste domingo (25). De acordo com informa\u00e7\u00f5es levantadas pela reportagem do Canal 4 TV, a equipe dos bombeiros foi acionada para atender a [&hellip;]<\/p>\n","protected":false},"author":2,"featured_media":5093,"comment_status":"open","ping_status":"open","sticky":false,"template":"","format":"standard","meta":{"footnotes":""},"categories":[2],"tags":[172],"class_list":["post-5092","post","type-post","status-publish","format-standard","has-post-thumbnail","hentry","category-policial","tag-featured"],"amp_enabled":true,"_links":{"self":[{"href":"https:\/\/radiostudiow.com.br\/site\/wp-json\/wp\/v2\/posts\/5092","targetHints":{"allow":["GET"]}}],"collection":[{"href":"https:\/\/radiostudiow.com.br\/site\/wp-json\/wp\/v2\/posts"}],"about":[{"href":"https:\/\/radiostudiow.com.br\/site\/wp-json\/wp\/v2\/types\/post"}],"author":[{"embeddable":true,"href":"https:\/\/radiostudiow.com.br\/site\/wp-json\/wp\/v2\/users\/2"}],"replies":[{"embeddable":true,"href":"https:\/\/radiostudiow.com.br\/site\/wp-json\/wp\/v2\/comments?post=5092"}],"version-history":[{"count":1,"href":"https:\/\/radiostudiow.com.br\/site\/wp-json\/wp\/v2\/posts\/5092\/revisions"}],"predecessor-version":[{"id":5094,"href":"https:\/\/radiostudiow.com.br\/site\/wp-json\/wp\/v2\/posts\/5092\/revisions\/5094"}],"wp:featuredmedia":[{"embeddable":true,"href":"https:\/\/radiostudiow.com.br\/site\/wp-json\/wp\/v2\/media\/5093"}],"wp:attachment":[{"href":"https:\/\/radiostudiow.com.br\/site\/wp-json\/wp\/v2\/media?parent=5092"}],"wp:term":[{"taxonomy":"category","embeddable":true,"href":"https:\/\/radiostudiow.com.br\/site\/wp-json\/wp\/v2\/categories?post=5092"},{"taxonomy":"post_tag","embeddable":true,"href":"https:\/\/radiostudiow.com.br\/site\/wp-json\/wp\/v2\/tags?post=5092"}],"curies":[{"name":"wp","href":"https:\/\/api.w.org\/{rel}","templated":true}]}}