{"id":5095,"date":"2021-12-27T11:42:48","date_gmt":"2021-12-27T14:42:48","guid":{"rendered":"https:\/\/radiostudiow.com.br\/site\/?p=5095"},"modified":"2025-01-31T15:12:13","modified_gmt":"2025-01-31T18:12:13","slug":"homem-entra-em-estabelecimento-comercial-em-mallet","status":"publish","type":"post","link":"https:\/\/radiostudiow.com.br\/site\/2021\/12\/27\/homem-entra-em-estabelecimento-comercial-em-mallet\/","title":{"rendered":"Homem entra em estabelecimento comercial em Mallet"},"content":{"rendered":"\n<p>A equipe da Pol\u00edcia Militar de Mallet foi acionada por volta das 18:00 horas desta quinta-feira, 24 de dezembro, para atender uma ocorr\u00eancia de dano na \u00e1rea central da cidade.<\/p>\n\n\n\n<p>De acordo com o relat\u00f3rio policial, um senhor testemunhou que havia visualizado um homem tentando arrombar um estabelecimento comercial e que o autor era um morador da localidade.<\/p>\n\n\n\n<p>Os policiais encontraram o suposto autor em sua resid\u00eancia, o qual confirmou que conseguiu e entrar no local. O propriet\u00e1rio do estabelecimento informou que nada havia sido levada, somente a porta foi danificada.<\/p>\n\n\n\n<p>Diante da situa\u00e7\u00e3o as partes foram conduzidas ao Pelot\u00e3o da PM para a confec\u00e7\u00e3o do Boletim de Ocorr\u00eancia.<\/p>\n\n\n\n<figure class=\"wp-block-image size-full\"><img decoding=\"async\" src=\"https:\/\/radiostudiow.com.br\/site\/wp-content\/uploads\/2021\/09\/NUTRI-MALLET.jpg\" alt=\"\" class=\"wp-image-3543\"\/><\/figure>\n","protected":false},"excerpt":{"rendered":"<p>A equipe da Pol\u00edcia Militar de Mallet foi acionada por volta das 18:00 horas desta quinta-feira, 24 de dezembro, para atender uma ocorr\u00eancia de dano na \u00e1rea central da cidade. De acordo com o relat\u00f3rio policial, um senhor testemunhou que havia visualizado um homem tentando arrombar um estabelecimento comercial e que o autor era um [&hellip;]<\/p>\n","protected":false},"author":2,"featured_media":4104,"comment_status":"open","ping_status":"open","sticky":false,"template":"","format":"standard","meta":{"footnotes":""},"categories":[2],"tags":[172],"class_list":["post-5095","post","type-post","status-publish","format-standard","has-post-thumbnail","hentry","category-policial","tag-featured"],"amp_enabled":true,"_links":{"self":[{"href":"https:\/\/radiostudiow.com.br\/site\/wp-json\/wp\/v2\/posts\/5095","targetHints":{"allow":["GET"]}}],"collection":[{"href":"https:\/\/radiostudiow.com.br\/site\/wp-json\/wp\/v2\/posts"}],"about":[{"href":"https:\/\/radiostudiow.com.br\/site\/wp-json\/wp\/v2\/types\/post"}],"author":[{"embeddable":true,"href":"https:\/\/radiostudiow.com.br\/site\/wp-json\/wp\/v2\/users\/2"}],"replies":[{"embeddable":true,"href":"https:\/\/radiostudiow.com.br\/site\/wp-json\/wp\/v2\/comments?post=5095"}],"version-history":[{"count":1,"href":"https:\/\/radiostudiow.com.br\/site\/wp-json\/wp\/v2\/posts\/5095\/revisions"}],"predecessor-version":[{"id":5096,"href":"https:\/\/radiostudiow.com.br\/site\/wp-json\/wp\/v2\/posts\/5095\/revisions\/5096"}],"wp:featuredmedia":[{"embeddable":true,"href":"https:\/\/radiostudiow.com.br\/site\/wp-json\/wp\/v2\/media\/4104"}],"wp:attachment":[{"href":"https:\/\/radiostudiow.com.br\/site\/wp-json\/wp\/v2\/media?parent=5095"}],"wp:term":[{"taxonomy":"category","embeddable":true,"href":"https:\/\/radiostudiow.com.br\/site\/wp-json\/wp\/v2\/categories?post=5095"},{"taxonomy":"post_tag","embeddable":true,"href":"https:\/\/radiostudiow.com.br\/site\/wp-json\/wp\/v2\/tags?post=5095"}],"curies":[{"name":"wp","href":"https:\/\/api.w.org\/{rel}","templated":true}]}}