{"id":5102,"date":"2021-12-27T15:18:55","date_gmt":"2021-12-27T18:18:55","guid":{"rendered":"https:\/\/radiostudiow.com.br\/site\/?p=5102"},"modified":"2025-01-31T15:12:13","modified_gmt":"2025-01-31T18:12:13","slug":"colisao-contra-poste-em-reboucas","status":"publish","type":"post","link":"https:\/\/radiostudiow.com.br\/site\/2021\/12\/27\/colisao-contra-poste-em-reboucas\/","title":{"rendered":"Colis\u00e3o contra poste em Rebou\u00e7as"},"content":{"rendered":"\n<p>Uma caminhonete colidiu contra um poste por volta das 23:00 horas deste domingo, 26 de dezembro, na Rua Sim\u00e3o Domingues \u00e1rea central da cidade.<\/p>\n\n\n\n<p>Segundo informa\u00e7\u00f5es, o condutor sofreu ferimentos leves e a causa do acidente ainda \u00e9 desconhecida. O resultado foi um apag\u00e3o em boa parte da cidade.<\/p>\n\n\n\n<figure class=\"wp-block-image size-full\"><img decoding=\"async\" src=\"https:\/\/radiostudiow.com.br\/site\/wp-content\/uploads\/2021\/09\/HF-MALLET.jpg\" alt=\"\" class=\"wp-image-3544\"\/><\/figure>\n\n\n\n<figure class=\"wp-block-gallery columns-2 is-cropped wp-block-gallery-1 is-layout-flex wp-block-gallery-is-layout-flex\"><ul class=\"blocks-gallery-grid\"><li class=\"blocks-gallery-item\"><figure><img decoding=\"async\" src=\"https:\/\/radiostudiow.com.br\/site\/wp-content\/uploads\/2021\/12\/270065812_4983521908347135_5158699516359949794_n-1024x576.jpg\" alt=\"\" data-id=\"5104\" data-full-url=\"https:\/\/radiostudiow.com.br\/site\/wp-content\/uploads\/2021\/12\/270065812_4983521908347135_5158699516359949794_n.jpg\" data-link=\"https:\/\/radiostudiow.com.br\/site\/?attachment_id=5104\" class=\"wp-image-5104\"\/><\/figure><\/li><li class=\"blocks-gallery-item\"><figure><img decoding=\"async\" src=\"https:\/\/radiostudiow.com.br\/site\/wp-content\/uploads\/2021\/12\/270075762_4983521545013838_3843393465242795476_n-1024x576.jpg\" alt=\"\" data-id=\"5105\" data-full-url=\"https:\/\/radiostudiow.com.br\/site\/wp-content\/uploads\/2021\/12\/270075762_4983521545013838_3843393465242795476_n.jpg\" data-link=\"https:\/\/radiostudiow.com.br\/site\/?attachment_id=5105\" class=\"wp-image-5105\"\/><\/figure><\/li><\/ul><\/figure>\n","protected":false},"excerpt":{"rendered":"<p>Uma caminhonete colidiu contra um poste por volta das 23:00 horas deste domingo, 26 de dezembro, na Rua Sim\u00e3o Domingues \u00e1rea central da cidade. Segundo informa\u00e7\u00f5es, o condutor sofreu ferimentos leves e a causa do acidente ainda \u00e9 desconhecida. O resultado foi um apag\u00e3o em boa parte da cidade.<\/p>\n","protected":false},"author":2,"featured_media":5103,"comment_status":"open","ping_status":"open","sticky":false,"template":"","format":"standard","meta":{"footnotes":""},"categories":[2],"tags":[172],"class_list":["post-5102","post","type-post","status-publish","format-standard","has-post-thumbnail","hentry","category-policial","tag-featured"],"amp_enabled":true,"_links":{"self":[{"href":"https:\/\/radiostudiow.com.br\/site\/wp-json\/wp\/v2\/posts\/5102","targetHints":{"allow":["GET"]}}],"collection":[{"href":"https:\/\/radiostudiow.com.br\/site\/wp-json\/wp\/v2\/posts"}],"about":[{"href":"https:\/\/radiostudiow.com.br\/site\/wp-json\/wp\/v2\/types\/post"}],"author":[{"embeddable":true,"href":"https:\/\/radiostudiow.com.br\/site\/wp-json\/wp\/v2\/users\/2"}],"replies":[{"embeddable":true,"href":"https:\/\/radiostudiow.com.br\/site\/wp-json\/wp\/v2\/comments?post=5102"}],"version-history":[{"count":1,"href":"https:\/\/radiostudiow.com.br\/site\/wp-json\/wp\/v2\/posts\/5102\/revisions"}],"predecessor-version":[{"id":5106,"href":"https:\/\/radiostudiow.com.br\/site\/wp-json\/wp\/v2\/posts\/5102\/revisions\/5106"}],"wp:featuredmedia":[{"embeddable":true,"href":"https:\/\/radiostudiow.com.br\/site\/wp-json\/wp\/v2\/media\/5103"}],"wp:attachment":[{"href":"https:\/\/radiostudiow.com.br\/site\/wp-json\/wp\/v2\/media?parent=5102"}],"wp:term":[{"taxonomy":"category","embeddable":true,"href":"https:\/\/radiostudiow.com.br\/site\/wp-json\/wp\/v2\/categories?post=5102"},{"taxonomy":"post_tag","embeddable":true,"href":"https:\/\/radiostudiow.com.br\/site\/wp-json\/wp\/v2\/tags?post=5102"}],"curies":[{"name":"wp","href":"https:\/\/api.w.org\/{rel}","templated":true}]}}