{"id":5107,"date":"2021-12-27T15:26:58","date_gmt":"2021-12-27T18:26:58","guid":{"rendered":"https:\/\/radiostudiow.com.br\/site\/?p=5107"},"modified":"2025-01-31T15:12:13","modified_gmt":"2025-01-31T18:12:13","slug":"homem-usa-espingarda-para-ameacar-companheira-e-acaba-preso-em-cruz-machado","status":"publish","type":"post","link":"https:\/\/radiostudiow.com.br\/site\/2021\/12\/27\/homem-usa-espingarda-para-ameacar-companheira-e-acaba-preso-em-cruz-machado\/","title":{"rendered":"Homem usa espingarda para amea\u00e7ar companheira e acaba preso em Cruz Machado"},"content":{"rendered":"\n<p>Um homem que n\u00e3o teve a identifica\u00e7\u00e3o divulgada foi preso por viol\u00eancia dom\u00e9stica e posse de arma de fogo por volta das 22:00 horas desse domingo (26).<\/p>\n\n\n\n<p>A situa\u00e7\u00e3o foi registrada na localidade da Linha Encatilado, no interior de Cruz Machado, aonde uma mulher acionou a PM relatando que sua filha vinha sofrendo agress\u00f5es por parte de seu companheiro.<\/p>\n\n\n\n<p>No local, a Pol\u00edcia entrou em contato com a v\u00edtima que relatou as agress\u00f5es e amea\u00e7as. A Pol\u00edcia abordou o suspeito e em buscas localizou uma espingarda calibre 22 de um tiro, a qual estava com uma capsula deflagrada. Foi feita a apreens\u00e3o da arma e o homem foi conduzido para a delegacia de Uni\u00e3o da Vit\u00f3ria.<\/p>\n\n\n\n<figure class=\"wp-block-image size-full\"><img decoding=\"async\" src=\"https:\/\/radiostudiow.com.br\/site\/wp-content\/uploads\/2021\/09\/SICREDI.jpg\" alt=\"\" class=\"wp-image-3492\"\/><\/figure>\n","protected":false},"excerpt":{"rendered":"<p>Um homem que n\u00e3o teve a identifica\u00e7\u00e3o divulgada foi preso por viol\u00eancia dom\u00e9stica e posse de arma de fogo por volta das 22:00 horas desse domingo (26). A situa\u00e7\u00e3o foi registrada na localidade da Linha Encatilado, no interior de Cruz Machado, aonde uma mulher acionou a PM relatando que sua filha vinha sofrendo agress\u00f5es por [&hellip;]<\/p>\n","protected":false},"author":2,"featured_media":0,"comment_status":"open","ping_status":"open","sticky":false,"template":"","format":"standard","meta":{"footnotes":""},"categories":[2],"tags":[172],"class_list":["post-5107","post","type-post","status-publish","format-standard","hentry","category-policial","tag-featured"],"amp_enabled":true,"_links":{"self":[{"href":"https:\/\/radiostudiow.com.br\/site\/wp-json\/wp\/v2\/posts\/5107","targetHints":{"allow":["GET"]}}],"collection":[{"href":"https:\/\/radiostudiow.com.br\/site\/wp-json\/wp\/v2\/posts"}],"about":[{"href":"https:\/\/radiostudiow.com.br\/site\/wp-json\/wp\/v2\/types\/post"}],"author":[{"embeddable":true,"href":"https:\/\/radiostudiow.com.br\/site\/wp-json\/wp\/v2\/users\/2"}],"replies":[{"embeddable":true,"href":"https:\/\/radiostudiow.com.br\/site\/wp-json\/wp\/v2\/comments?post=5107"}],"version-history":[{"count":1,"href":"https:\/\/radiostudiow.com.br\/site\/wp-json\/wp\/v2\/posts\/5107\/revisions"}],"predecessor-version":[{"id":5108,"href":"https:\/\/radiostudiow.com.br\/site\/wp-json\/wp\/v2\/posts\/5107\/revisions\/5108"}],"wp:attachment":[{"href":"https:\/\/radiostudiow.com.br\/site\/wp-json\/wp\/v2\/media?parent=5107"}],"wp:term":[{"taxonomy":"category","embeddable":true,"href":"https:\/\/radiostudiow.com.br\/site\/wp-json\/wp\/v2\/categories?post=5107"},{"taxonomy":"post_tag","embeddable":true,"href":"https:\/\/radiostudiow.com.br\/site\/wp-json\/wp\/v2\/tags?post=5107"}],"curies":[{"name":"wp","href":"https:\/\/api.w.org\/{rel}","templated":true}]}}