{"id":5109,"date":"2021-12-27T16:13:17","date_gmt":"2021-12-27T19:13:17","guid":{"rendered":"https:\/\/radiostudiow.com.br\/site\/?p=5109"},"modified":"2025-01-31T15:12:13","modified_gmt":"2025-01-31T18:12:13","slug":"bombeiros-de-general-carneiro-atendem-ocorrencia-de-incendio-florestal-na-regiao-da-br-153","status":"publish","type":"post","link":"https:\/\/radiostudiow.com.br\/site\/2021\/12\/27\/bombeiros-de-general-carneiro-atendem-ocorrencia-de-incendio-florestal-na-regiao-da-br-153\/","title":{"rendered":"Bombeiros de General Carneiro atendem ocorr\u00eancia de inc\u00eandio florestal na regi\u00e3o da BR-153"},"content":{"rendered":"\n<p>Os bombeiros de General Carneiro foram acionados no meio da tarde desta sexta-feira, dia 24, para controlar um inc\u00eandio florestal em uma fazenda na regi\u00e3o da rodovia BR-153, local pr\u00f3ximo das \u201cCasinhas do Forte\u201d.<\/p>\n\n\n\n<p>o local, a equipe fez o controle das chamas e contou com apoio de outras pessoas da fazenda, que utilizando de m\u00e1quinas, fizeram o aceiro\u00a0\u2013 faixas ao longo de cercas e em campo aberto, com a finalidade de prevenir a passagem do fogo.<\/p>\n\n\n\n<p>O Corpo de Bombeiros alerta sobre as queimadas. Segundo o<em><strong><a rel=\"noreferrer noopener\" href=\"https:\/\/metsul.com\/\" target=\"_blank\">\u00a0site MetSul<\/a><\/strong><\/em>, este ver\u00e3o de 2021\/2022 , que come\u00e7ou na \u00faltima ter\u00e7a-feira, dia 21, no Hemisf\u00e9rio Sul \u00e0s 12h59, teve in\u00edcio com o Pac\u00edfico Equatorial Central sob a influ\u00eancia do fen\u00f4meno La Ni\u00f1a, caracterizado pelo resfriamento das \u00e1guas do Oceano Pac\u00edfico Equatorial. Este ser\u00e1 o segundo ver\u00e3o seguido com La Ni\u00f1a e que deve atingir seu pico agora ao redor da virada do ano com intensidade moderada.<\/p>\n\n\n\n<figure class=\"wp-block-video\"><video controls src=\"https:\/\/radiostudiow.com.br\/site\/wp-content\/uploads\/2021\/12\/fogo-mato.mp4\"><\/video><\/figure>\n\n\n\n<p>Neste ver\u00e3o, a chuva tende a ser ainda mais irregular do que o normal com valores abaixo das m\u00e9dias hist\u00f3ricas. Em algumas regi\u00f5es, no decorrer da esta\u00e7\u00e3o, a estiagem pode atingir n\u00edveis de moderada a forte com possibilidade de ser severa em alguns munic\u00edpios. Com isso, devemos voltar a enfrentar problemas de falta de chuva mais volumosa com perda de produtividade nas safras de ver\u00e3o, diminui\u00e7\u00e3o dos n\u00edveis dos rios, risco de escassez de \u00e1gua para consumos humano e animal e mais decretos de emerg\u00eancia por seca, al\u00e9m de risco acentuado de inc\u00eandios em vegeta\u00e7\u00e3o (queimadas).<\/p>\n","protected":false},"excerpt":{"rendered":"<p>Os bombeiros de General Carneiro foram acionados no meio da tarde desta sexta-feira, dia 24, para controlar um inc\u00eandio florestal em uma fazenda na regi\u00e3o da rodovia BR-153, local pr\u00f3ximo das \u201cCasinhas do Forte\u201d. o local, a equipe fez o controle das chamas e contou com apoio de outras pessoas da fazenda, que utilizando de [&hellip;]<\/p>\n","protected":false},"author":2,"featured_media":5111,"comment_status":"open","ping_status":"open","sticky":false,"template":"","format":"standard","meta":{"footnotes":""},"categories":[2],"tags":[172],"class_list":["post-5109","post","type-post","status-publish","format-standard","has-post-thumbnail","hentry","category-policial","tag-featured"],"amp_enabled":true,"_links":{"self":[{"href":"https:\/\/radiostudiow.com.br\/site\/wp-json\/wp\/v2\/posts\/5109","targetHints":{"allow":["GET"]}}],"collection":[{"href":"https:\/\/radiostudiow.com.br\/site\/wp-json\/wp\/v2\/posts"}],"about":[{"href":"https:\/\/radiostudiow.com.br\/site\/wp-json\/wp\/v2\/types\/post"}],"author":[{"embeddable":true,"href":"https:\/\/radiostudiow.com.br\/site\/wp-json\/wp\/v2\/users\/2"}],"replies":[{"embeddable":true,"href":"https:\/\/radiostudiow.com.br\/site\/wp-json\/wp\/v2\/comments?post=5109"}],"version-history":[{"count":1,"href":"https:\/\/radiostudiow.com.br\/site\/wp-json\/wp\/v2\/posts\/5109\/revisions"}],"predecessor-version":[{"id":5112,"href":"https:\/\/radiostudiow.com.br\/site\/wp-json\/wp\/v2\/posts\/5109\/revisions\/5112"}],"wp:featuredmedia":[{"embeddable":true,"href":"https:\/\/radiostudiow.com.br\/site\/wp-json\/wp\/v2\/media\/5111"}],"wp:attachment":[{"href":"https:\/\/radiostudiow.com.br\/site\/wp-json\/wp\/v2\/media?parent=5109"}],"wp:term":[{"taxonomy":"category","embeddable":true,"href":"https:\/\/radiostudiow.com.br\/site\/wp-json\/wp\/v2\/categories?post=5109"},{"taxonomy":"post_tag","embeddable":true,"href":"https:\/\/radiostudiow.com.br\/site\/wp-json\/wp\/v2\/tags?post=5109"}],"curies":[{"name":"wp","href":"https:\/\/api.w.org\/{rel}","templated":true}]}}