{"id":5117,"date":"2021-12-28T21:04:46","date_gmt":"2021-12-29T00:04:46","guid":{"rendered":"https:\/\/radiostudiow.com.br\/site\/?p=5117"},"modified":"2025-01-31T15:12:13","modified_gmt":"2025-01-31T18:12:13","slug":"acidente-grave-deixa-um-morto-em-colisao-frontal-entre-carro-e-caminhao-em-imbituva","status":"publish","type":"post","link":"https:\/\/radiostudiow.com.br\/site\/2021\/12\/28\/acidente-grave-deixa-um-morto-em-colisao-frontal-entre-carro-e-caminhao-em-imbituva\/","title":{"rendered":"ACIDENTE GRAVE DEIXA UM MORTO EM COLIS\u00c3O FRONTAL ENTRE CARRO E CAMINH\u00c3O EM IMBITUVA."},"content":{"rendered":"\n<p class=\"has-medium-font-size\">Um grave acidente no final da manh\u00e3 desta ter\u00e7a-feira (28), mobilizou equipes da PRF (Pol\u00edcia Rodovi\u00e1ria Federal), Pol\u00edcia Militar, Agentes da Defesa Civil e Corpo de Bombeiros.<\/p>\n\n\n\n<p class=\"has-medium-font-size\">De acordo com informa\u00e7\u00f5es do Rep\u00f3rter Mesquita do Portal Irati, o acidente teria ocorrido por volta das 11:00 horas da manh\u00e3, pr\u00f3ximo ao trevo de acesso ao munic\u00edpio de Imbituva, no km 1,9 da BR-153, envolvendo 01 autom\u00f3vel e 02 caminh\u00f5es.<\/p>\n\n\n\n<p class=\"has-medium-font-size\">Segundo a PRF, o ve\u00edculo GM\/Celta,com placas de Imbituva-PR, teria iniciado uma ultrapassagem sobre um outro caminh\u00e3o com placas de Curitiba-PR, ocasionando uma colis\u00e3o frontal com caminh\u00e3o Ford\/Cargo da cidade de Vitorino-PR, vindo a sair da pista batendo em uma \u00e1rvore.<\/p>\n\n\n\n<p class=\"has-medium-font-size\">O motorista do carro, de 44 anos, morreu no local. J\u00e1 os condutores dos dois caminh\u00f5es sa\u00edram sem ferimentos do acidente.<\/p>\n\n\n\n<p class=\"has-medium-font-size\">O corpo do motorista foi encaminhado ao IML de Ponta Grossa.<\/p>\n\n\n\n<p class=\"has-medium-font-size\">Fotos: Rep\u00f3rter Mesquita do Portal Irati<\/p>\n\n\n\n<figure class=\"wp-block-image size-full\"><img decoding=\"async\" src=\"https:\/\/radiostudiow.com.br\/site\/wp-content\/uploads\/2021\/12\/181477924_4057871754271399_5028618028704236041_n.jpg\" alt=\"\" class=\"wp-image-4817\"\/><\/figure>\n\n\n\n<figure class=\"wp-block-gallery columns-1 is-cropped wp-block-gallery-1 is-layout-flex wp-block-gallery-is-layout-flex\"><ul class=\"blocks-gallery-grid\"><li class=\"blocks-gallery-item\"><figure><img loading=\"lazy\" decoding=\"async\" width=\"1024\" height=\"769\" src=\"https:\/\/radiostudiow.com.br\/site\/wp-content\/uploads\/2021\/12\/01-1-1024x769.jpeg\" alt=\"\" data-id=\"5121\" data-full-url=\"https:\/\/radiostudiow.com.br\/site\/wp-content\/uploads\/2021\/12\/01-1.jpeg\" data-link=\"https:\/\/radiostudiow.com.br\/site\/?attachment_id=5121\" class=\"wp-image-5121\" srcset=\"https:\/\/radiostudiow.com.br\/site\/wp-content\/uploads\/2021\/12\/01-1-1024x769.jpeg 1024w, https:\/\/radiostudiow.com.br\/site\/wp-content\/uploads\/2021\/12\/01-1-300x225.jpeg 300w, https:\/\/radiostudiow.com.br\/site\/wp-content\/uploads\/2021\/12\/01-1-768x576.jpeg 768w, https:\/\/radiostudiow.com.br\/site\/wp-content\/uploads\/2021\/12\/01-1-1536x1153.jpeg 1536w, https:\/\/radiostudiow.com.br\/site\/wp-content\/uploads\/2021\/12\/01-1.jpeg 1600w\" sizes=\"auto, (max-width: 1024px) 100vw, 1024px\" \/><\/figure><\/li><li class=\"blocks-gallery-item\"><figure><img loading=\"lazy\" decoding=\"async\" width=\"769\" height=\"1024\" src=\"https:\/\/radiostudiow.com.br\/site\/wp-content\/uploads\/2021\/12\/03-1-769x1024.jpeg\" alt=\"\" data-id=\"5123\" data-full-url=\"https:\/\/radiostudiow.com.br\/site\/wp-content\/uploads\/2021\/12\/03-1.jpeg\" data-link=\"https:\/\/radiostudiow.com.br\/site\/?attachment_id=5123\" class=\"wp-image-5123\" srcset=\"https:\/\/radiostudiow.com.br\/site\/wp-content\/uploads\/2021\/12\/03-1-769x1024.jpeg 769w, https:\/\/radiostudiow.com.br\/site\/wp-content\/uploads\/2021\/12\/03-1-225x300.jpeg 225w, https:\/\/radiostudiow.com.br\/site\/wp-content\/uploads\/2021\/12\/03-1-768x1023.jpeg 768w, https:\/\/radiostudiow.com.br\/site\/wp-content\/uploads\/2021\/12\/03-1-1153x1536.jpeg 1153w, https:\/\/radiostudiow.com.br\/site\/wp-content\/uploads\/2021\/12\/03-1.jpeg 1201w\" sizes=\"auto, (max-width: 769px) 100vw, 769px\" \/><\/figure><\/li><li class=\"blocks-gallery-item\"><figure><img decoding=\"async\" src=\"https:\/\/radiostudiow.com.br\/site\/wp-content\/uploads\/2021\/12\/04-1-1024x769.jpeg\" alt=\"\" data-id=\"5124\" data-full-url=\"https:\/\/radiostudiow.com.br\/site\/wp-content\/uploads\/2021\/12\/04-1.jpeg\" data-link=\"https:\/\/radiostudiow.com.br\/site\/?attachment_id=5124\" class=\"wp-image-5124\"\/><\/figure><\/li><li class=\"blocks-gallery-item\"><figure><img decoding=\"async\" src=\"https:\/\/radiostudiow.com.br\/site\/wp-content\/uploads\/2021\/12\/05-1-1024x769.jpeg\" alt=\"\" data-id=\"5125\" data-full-url=\"https:\/\/radiostudiow.com.br\/site\/wp-content\/uploads\/2021\/12\/05-1.jpeg\" data-link=\"https:\/\/radiostudiow.com.br\/site\/?attachment_id=5125\" class=\"wp-image-5125\"\/><\/figure><\/li><\/ul><\/figure>\n\n\n\n<figure class=\"wp-block-image size-large\"><img decoding=\"async\" src=\"https:\/\/radiostudiow.com.br\/site\/wp-content\/uploads\/2021\/12\/231815384_4188224831225875_2309644443555162767_n-1024x389.jpg\" alt=\"\" class=\"wp-image-4767\"\/><\/figure>\n\n\n\n<figure class=\"wp-block-image size-full\"><img decoding=\"async\" src=\"https:\/\/radiostudiow.com.br\/site\/wp-content\/uploads\/2021\/06\/bahniuk.jpg\" alt=\"\" class=\"wp-image-2328\"\/><\/figure>\n\n\n\n<p><\/p>\n","protected":false},"excerpt":{"rendered":"<p>Um grave acidente no final da manh\u00e3 desta ter\u00e7a-feira (28), mobilizou equipes da PRF (Pol\u00edcia Rodovi\u00e1ria Federal), Pol\u00edcia Militar, Agentes da Defesa Civil e Corpo de Bombeiros. De acordo com informa\u00e7\u00f5es do Rep\u00f3rter Mesquita do Portal Irati, o acidente teria ocorrido por volta das 11:00 horas da manh\u00e3, pr\u00f3ximo ao trevo de acesso ao munic\u00edpio [&hellip;]<\/p>\n","protected":false},"author":2,"featured_media":0,"comment_status":"open","ping_status":"open","sticky":false,"template":"","format":"standard","meta":{"footnotes":""},"categories":[2],"tags":[172],"class_list":["post-5117","post","type-post","status-publish","format-standard","hentry","category-policial","tag-featured"],"amp_enabled":true,"_links":{"self":[{"href":"https:\/\/radiostudiow.com.br\/site\/wp-json\/wp\/v2\/posts\/5117","targetHints":{"allow":["GET"]}}],"collection":[{"href":"https:\/\/radiostudiow.com.br\/site\/wp-json\/wp\/v2\/posts"}],"about":[{"href":"https:\/\/radiostudiow.com.br\/site\/wp-json\/wp\/v2\/types\/post"}],"author":[{"embeddable":true,"href":"https:\/\/radiostudiow.com.br\/site\/wp-json\/wp\/v2\/users\/2"}],"replies":[{"embeddable":true,"href":"https:\/\/radiostudiow.com.br\/site\/wp-json\/wp\/v2\/comments?post=5117"}],"version-history":[{"count":4,"href":"https:\/\/radiostudiow.com.br\/site\/wp-json\/wp\/v2\/posts\/5117\/revisions"}],"predecessor-version":[{"id":5128,"href":"https:\/\/radiostudiow.com.br\/site\/wp-json\/wp\/v2\/posts\/5117\/revisions\/5128"}],"wp:attachment":[{"href":"https:\/\/radiostudiow.com.br\/site\/wp-json\/wp\/v2\/media?parent=5117"}],"wp:term":[{"taxonomy":"category","embeddable":true,"href":"https:\/\/radiostudiow.com.br\/site\/wp-json\/wp\/v2\/categories?post=5117"},{"taxonomy":"post_tag","embeddable":true,"href":"https:\/\/radiostudiow.com.br\/site\/wp-json\/wp\/v2\/tags?post=5117"}],"curies":[{"name":"wp","href":"https:\/\/api.w.org\/{rel}","templated":true}]}}