{"id":5132,"date":"2021-12-29T15:52:49","date_gmt":"2021-12-29T18:52:49","guid":{"rendered":"https:\/\/radiostudiow.com.br\/site\/?p=5132"},"modified":"2025-01-31T15:12:13","modified_gmt":"2025-01-31T18:12:13","slug":"discussao-entre-vizinhos-termina-em-ameaca-em-mallet","status":"publish","type":"post","link":"https:\/\/radiostudiow.com.br\/site\/2021\/12\/29\/discussao-entre-vizinhos-termina-em-ameaca-em-mallet\/","title":{"rendered":"DISCUSS\u00c3O ENTRE VIZINHOS TERMINA EM AMEA\u00c7A EM MALLET"},"content":{"rendered":"\n<p>Discuss\u00e3o entre vizinhos termina com a presen\u00e7a da equipe da Pol\u00edcia Militar de Mallet na \u00e1rea central da cidade por volta das 17:00 horas dessa ter\u00e7a-feira (28).<\/p>\n\n\n\n<p>De acordo com o relat\u00f3rio policial, foram acionados para verificar uma situa\u00e7\u00e3o de amea\u00e7a e no local entraram em contato com a solicitante, a qual relatou que aproximadamente 6 meses estava com problemas com seu vizinho e que os filhos do mesmo estava provocando os filhos da v\u00edtima.<\/p>\n\n\n\n<p>A mulher afirma que nessa ter\u00e7a- feira, 28 de Dezembro, um dos filhos do vizinho passou a incomoda-la e que o referido pai da crian\u00e7a lhe amea\u00e7ou. Foi confeccionado o Boletim de Ocorr\u00eancia e a solicitante orientada quanto aos procedimentos cab\u00edveis.<\/p>\n\n\n\n<figure class=\"wp-block-image size-full\"><img decoding=\"async\" src=\"https:\/\/radiostudiow.com.br\/site\/wp-content\/uploads\/2021\/12\/181477924_4057871754271399_5028618028704236041_n.jpg\" alt=\"\" class=\"wp-image-4817\"\/><\/figure>\n","protected":false},"excerpt":{"rendered":"<p>Discuss\u00e3o entre vizinhos termina com a presen\u00e7a da equipe da Pol\u00edcia Militar de Mallet na \u00e1rea central da cidade por volta das 17:00 horas dessa ter\u00e7a-feira (28). De acordo com o relat\u00f3rio policial, foram acionados para verificar uma situa\u00e7\u00e3o de amea\u00e7a e no local entraram em contato com a solicitante, a qual relatou que aproximadamente [&hellip;]<\/p>\n","protected":false},"author":2,"featured_media":0,"comment_status":"open","ping_status":"open","sticky":false,"template":"","format":"standard","meta":{"footnotes":""},"categories":[2],"tags":[172],"class_list":["post-5132","post","type-post","status-publish","format-standard","hentry","category-policial","tag-featured"],"amp_enabled":true,"_links":{"self":[{"href":"https:\/\/radiostudiow.com.br\/site\/wp-json\/wp\/v2\/posts\/5132","targetHints":{"allow":["GET"]}}],"collection":[{"href":"https:\/\/radiostudiow.com.br\/site\/wp-json\/wp\/v2\/posts"}],"about":[{"href":"https:\/\/radiostudiow.com.br\/site\/wp-json\/wp\/v2\/types\/post"}],"author":[{"embeddable":true,"href":"https:\/\/radiostudiow.com.br\/site\/wp-json\/wp\/v2\/users\/2"}],"replies":[{"embeddable":true,"href":"https:\/\/radiostudiow.com.br\/site\/wp-json\/wp\/v2\/comments?post=5132"}],"version-history":[{"count":1,"href":"https:\/\/radiostudiow.com.br\/site\/wp-json\/wp\/v2\/posts\/5132\/revisions"}],"predecessor-version":[{"id":5133,"href":"https:\/\/radiostudiow.com.br\/site\/wp-json\/wp\/v2\/posts\/5132\/revisions\/5133"}],"wp:attachment":[{"href":"https:\/\/radiostudiow.com.br\/site\/wp-json\/wp\/v2\/media?parent=5132"}],"wp:term":[{"taxonomy":"category","embeddable":true,"href":"https:\/\/radiostudiow.com.br\/site\/wp-json\/wp\/v2\/categories?post=5132"},{"taxonomy":"post_tag","embeddable":true,"href":"https:\/\/radiostudiow.com.br\/site\/wp-json\/wp\/v2\/tags?post=5132"}],"curies":[{"name":"wp","href":"https:\/\/api.w.org\/{rel}","templated":true}]}}