{"id":5137,"date":"2021-12-29T17:28:55","date_gmt":"2021-12-29T20:28:55","guid":{"rendered":"https:\/\/radiostudiow.com.br\/site\/?p=5137"},"modified":"2025-01-31T15:12:13","modified_gmt":"2025-01-31T18:12:13","slug":"carro-capota-apos-colidir-com-caminhao-na-br-153-em-general-carneiro","status":"publish","type":"post","link":"https:\/\/radiostudiow.com.br\/site\/2021\/12\/29\/carro-capota-apos-colidir-com-caminhao-na-br-153-em-general-carneiro\/","title":{"rendered":"Carro capota ap\u00f3s colidir com caminh\u00e3o na BR-153 em General Carneiro"},"content":{"rendered":"\n<p>Um acidente foi registrado pelo Corpo de Bombeiros no in\u00edcio da tarde desta quarta-feira, 29 de dezembro, na rodovia BR-153, na altura do KM 486, na localidade do Marco Cinco em General Carneiro.<\/p>\n\n\n\n<p>Segundo informa\u00e7\u00f5es apuradas pela reportagem do Canal 4 TV, um carro VW\/Gol de cor cinza com placas de S\u00e3o Bento do Sul\/SC, acabou colidindo contra um caminh\u00e3o Mercedes Benz\/Axor com placas de Ca\u00e7ador\/SC, o qual estava carregado de toras. Ap\u00f3s a batida, o carro ainda capotou \u00e0s margens da pista.<\/p>\n\n\n\n<p>Ao menos quatro pessoas se envolveram no acidente, sendo que na chegada ao local do acidente, todos j\u00e1 se encontravam fora do ve\u00edculo. Duas v\u00edtimas foram encaminhadas para cuidados m\u00e9dicos no Pronto Atendimento de General Carneiro.<\/p>\n\n\n\n<figure class=\"wp-block-image size-large\"><img decoding=\"async\" src=\"https:\/\/radiostudiow.com.br\/site\/wp-content\/uploads\/2021\/12\/231815384_4188224831225875_2309644443555162767_n-1024x389.jpg\" alt=\"\" class=\"wp-image-4767\"\/><\/figure>\n\n\n\n<figure class=\"wp-block-image size-full\"><img decoding=\"async\" src=\"https:\/\/radiostudiow.com.br\/site\/wp-content\/uploads\/2021\/12\/Screenshot_20211229-144629_WhatsApp-e1640800083818.jpg\" alt=\"\" class=\"wp-image-5139\"\/><\/figure>\n","protected":false},"excerpt":{"rendered":"<p>Um acidente foi registrado pelo Corpo de Bombeiros no in\u00edcio da tarde desta quarta-feira, 29 de dezembro, na rodovia BR-153, na altura do KM 486, na localidade do Marco Cinco em General Carneiro. Segundo informa\u00e7\u00f5es apuradas pela reportagem do Canal 4 TV, um carro VW\/Gol de cor cinza com placas de S\u00e3o Bento do Sul\/SC, [&hellip;]<\/p>\n","protected":false},"author":2,"featured_media":5138,"comment_status":"open","ping_status":"open","sticky":false,"template":"","format":"standard","meta":{"footnotes":""},"categories":[2],"tags":[172],"class_list":["post-5137","post","type-post","status-publish","format-standard","has-post-thumbnail","hentry","category-policial","tag-featured"],"amp_enabled":true,"_links":{"self":[{"href":"https:\/\/radiostudiow.com.br\/site\/wp-json\/wp\/v2\/posts\/5137","targetHints":{"allow":["GET"]}}],"collection":[{"href":"https:\/\/radiostudiow.com.br\/site\/wp-json\/wp\/v2\/posts"}],"about":[{"href":"https:\/\/radiostudiow.com.br\/site\/wp-json\/wp\/v2\/types\/post"}],"author":[{"embeddable":true,"href":"https:\/\/radiostudiow.com.br\/site\/wp-json\/wp\/v2\/users\/2"}],"replies":[{"embeddable":true,"href":"https:\/\/radiostudiow.com.br\/site\/wp-json\/wp\/v2\/comments?post=5137"}],"version-history":[{"count":1,"href":"https:\/\/radiostudiow.com.br\/site\/wp-json\/wp\/v2\/posts\/5137\/revisions"}],"predecessor-version":[{"id":5140,"href":"https:\/\/radiostudiow.com.br\/site\/wp-json\/wp\/v2\/posts\/5137\/revisions\/5140"}],"wp:featuredmedia":[{"embeddable":true,"href":"https:\/\/radiostudiow.com.br\/site\/wp-json\/wp\/v2\/media\/5138"}],"wp:attachment":[{"href":"https:\/\/radiostudiow.com.br\/site\/wp-json\/wp\/v2\/media?parent=5137"}],"wp:term":[{"taxonomy":"category","embeddable":true,"href":"https:\/\/radiostudiow.com.br\/site\/wp-json\/wp\/v2\/categories?post=5137"},{"taxonomy":"post_tag","embeddable":true,"href":"https:\/\/radiostudiow.com.br\/site\/wp-json\/wp\/v2\/tags?post=5137"}],"curies":[{"name":"wp","href":"https:\/\/api.w.org\/{rel}","templated":true}]}}