{"id":5143,"date":"2021-12-30T11:24:02","date_gmt":"2021-12-30T14:24:02","guid":{"rendered":"https:\/\/radiostudiow.com.br\/site\/?p=5143"},"modified":"2025-01-31T15:12:13","modified_gmt":"2025-01-31T18:12:13","slug":"suspeito-esquece-mochila-em-local-de-furto-em-paula-freitas","status":"publish","type":"post","link":"https:\/\/radiostudiow.com.br\/site\/2021\/12\/30\/suspeito-esquece-mochila-em-local-de-furto-em-paula-freitas\/","title":{"rendered":"Suspeito esquece mochila em local de furto em Paula Freitas"},"content":{"rendered":"\n<p>Autor esquece mochila em resid\u00eancia que foi alvo de furto por volta das 20:00 horas desta quarta-feira, 29 de Dezembro, no bairro S\u00e3o Carlos na cidade de Paula Freitas.<\/p>\n\n\n\n<p>A v\u00edtima relatou que ao chegar em casa, juntamente do marido, percebeu que havia uma motocicleta em frente a resid\u00eancia. Ela come\u00e7ou a gritar, momento em que visualizou um homem fugindo pelos fundos da casa e um outro homem que dava apoio ao autor. Ambos acabaram fugindo em uma motocicleta.<\/p>\n\n\n\n<p>Segundo a v\u00edtima, foi levado um notebook. <\/p>\n\n\n\n<p>No local foi encontrado uma mochila com pertences do autor, a qual estava parcialmente cheia de objetos da v\u00edtima.<\/p>\n\n\n\n<p>A Pol\u00edcia Militar foi acionada e realizou buscas nas imedia\u00e7\u00f5es, n\u00e3o localizando os suspeitos. As v\u00edtimas foram orientadas quanto as medidas cab\u00edveis.<\/p>\n\n\n\n<figure class=\"wp-block-image size-full\"><img decoding=\"async\" src=\"https:\/\/radiostudiow.com.br\/site\/wp-content\/uploads\/2021\/12\/181477924_4057871754271399_5028618028704236041_n.jpg\" alt=\"\" class=\"wp-image-4817\"\/><\/figure>\n","protected":false},"excerpt":{"rendered":"<p>Autor esquece mochila em resid\u00eancia que foi alvo de furto por volta das 20:00 horas desta quarta-feira, 29 de Dezembro, no bairro S\u00e3o Carlos na cidade de Paula Freitas. A v\u00edtima relatou que ao chegar em casa, juntamente do marido, percebeu que havia uma motocicleta em frente a resid\u00eancia. Ela come\u00e7ou a gritar, momento em [&hellip;]<\/p>\n","protected":false},"author":2,"featured_media":0,"comment_status":"open","ping_status":"open","sticky":false,"template":"","format":"standard","meta":{"footnotes":""},"categories":[2],"tags":[172],"class_list":["post-5143","post","type-post","status-publish","format-standard","hentry","category-policial","tag-featured"],"amp_enabled":true,"_links":{"self":[{"href":"https:\/\/radiostudiow.com.br\/site\/wp-json\/wp\/v2\/posts\/5143","targetHints":{"allow":["GET"]}}],"collection":[{"href":"https:\/\/radiostudiow.com.br\/site\/wp-json\/wp\/v2\/posts"}],"about":[{"href":"https:\/\/radiostudiow.com.br\/site\/wp-json\/wp\/v2\/types\/post"}],"author":[{"embeddable":true,"href":"https:\/\/radiostudiow.com.br\/site\/wp-json\/wp\/v2\/users\/2"}],"replies":[{"embeddable":true,"href":"https:\/\/radiostudiow.com.br\/site\/wp-json\/wp\/v2\/comments?post=5143"}],"version-history":[{"count":1,"href":"https:\/\/radiostudiow.com.br\/site\/wp-json\/wp\/v2\/posts\/5143\/revisions"}],"predecessor-version":[{"id":5145,"href":"https:\/\/radiostudiow.com.br\/site\/wp-json\/wp\/v2\/posts\/5143\/revisions\/5145"}],"wp:attachment":[{"href":"https:\/\/radiostudiow.com.br\/site\/wp-json\/wp\/v2\/media?parent=5143"}],"wp:term":[{"taxonomy":"category","embeddable":true,"href":"https:\/\/radiostudiow.com.br\/site\/wp-json\/wp\/v2\/categories?post=5143"},{"taxonomy":"post_tag","embeddable":true,"href":"https:\/\/radiostudiow.com.br\/site\/wp-json\/wp\/v2\/tags?post=5143"}],"curies":[{"name":"wp","href":"https:\/\/api.w.org\/{rel}","templated":true}]}}