{"id":5154,"date":"2021-12-31T16:16:33","date_gmt":"2021-12-31T19:16:33","guid":{"rendered":"https:\/\/radiostudiow.com.br\/site\/?p=5154"},"modified":"2025-01-31T15:12:13","modified_gmt":"2025-01-31T18:12:13","slug":"uno-e-furtado-em-rodovia-de-paulo-frontin","status":"publish","type":"post","link":"https:\/\/radiostudiow.com.br\/site\/2021\/12\/31\/uno-e-furtado-em-rodovia-de-paulo-frontin\/","title":{"rendered":"Uno \u00e9 furtado em rodovia de Paulo Frontin"},"content":{"rendered":"\n<p>Por volta das 13:30 horas dessa quinta \u2013 feira, 30 de Dezembro, um homem compareceu ao Pelot\u00e3o da Pol\u00edcia Militar de Paulo Frontin ap\u00f3s seu ve\u00edculo Uno ser furtado na BR \u2013 476, km 333.<\/p>\n\n\n\n<p>De acordo com a v\u00edtima, nesta quarta \u2013 feira (29), ele estava trafegando com seu ve\u00edculo Fiat Uno pela rodovia quando acabou a gasolina. A v\u00edtima ainda afirmou que ele deixou o autom\u00f3vel com a chave dentro, momento que foi at\u00e9 o posto de combust\u00edvel mais pr\u00f3ximo para comprar gasolina e quando retornou constatou que o carro n\u00e3o estava no local, sendo v\u00edtima de furto.<\/p>\n\n\n\n<p>Diante da situa\u00e7\u00e3o a equipe policial orientou a v\u00edtima quanto aos procedimentos cab\u00edveis.<\/p>\n\n\n\n<figure class=\"wp-block-image size-full\"><img decoding=\"async\" src=\"https:\/\/radiostudiow.com.br\/site\/wp-content\/uploads\/2021\/12\/181477924_4057871754271399_5028618028704236041_n.jpg\" alt=\"\" class=\"wp-image-4817\"\/><\/figure>\n","protected":false},"excerpt":{"rendered":"<p>Por volta das 13:30 horas dessa quinta \u2013 feira, 30 de Dezembro, um homem compareceu ao Pelot\u00e3o da Pol\u00edcia Militar de Paulo Frontin ap\u00f3s seu ve\u00edculo Uno ser furtado na BR \u2013 476, km 333. De acordo com a v\u00edtima, nesta quarta \u2013 feira (29), ele estava trafegando com seu ve\u00edculo Fiat Uno pela rodovia [&hellip;]<\/p>\n","protected":false},"author":2,"featured_media":0,"comment_status":"open","ping_status":"open","sticky":false,"template":"","format":"standard","meta":{"footnotes":""},"categories":[2],"tags":[172],"class_list":["post-5154","post","type-post","status-publish","format-standard","hentry","category-policial","tag-featured"],"amp_enabled":true,"_links":{"self":[{"href":"https:\/\/radiostudiow.com.br\/site\/wp-json\/wp\/v2\/posts\/5154","targetHints":{"allow":["GET"]}}],"collection":[{"href":"https:\/\/radiostudiow.com.br\/site\/wp-json\/wp\/v2\/posts"}],"about":[{"href":"https:\/\/radiostudiow.com.br\/site\/wp-json\/wp\/v2\/types\/post"}],"author":[{"embeddable":true,"href":"https:\/\/radiostudiow.com.br\/site\/wp-json\/wp\/v2\/users\/2"}],"replies":[{"embeddable":true,"href":"https:\/\/radiostudiow.com.br\/site\/wp-json\/wp\/v2\/comments?post=5154"}],"version-history":[{"count":2,"href":"https:\/\/radiostudiow.com.br\/site\/wp-json\/wp\/v2\/posts\/5154\/revisions"}],"predecessor-version":[{"id":5156,"href":"https:\/\/radiostudiow.com.br\/site\/wp-json\/wp\/v2\/posts\/5154\/revisions\/5156"}],"wp:attachment":[{"href":"https:\/\/radiostudiow.com.br\/site\/wp-json\/wp\/v2\/media?parent=5154"}],"wp:term":[{"taxonomy":"category","embeddable":true,"href":"https:\/\/radiostudiow.com.br\/site\/wp-json\/wp\/v2\/categories?post=5154"},{"taxonomy":"post_tag","embeddable":true,"href":"https:\/\/radiostudiow.com.br\/site\/wp-json\/wp\/v2\/tags?post=5154"}],"curies":[{"name":"wp","href":"https:\/\/api.w.org\/{rel}","templated":true}]}}