{"id":5157,"date":"2021-12-31T10:14:05","date_gmt":"2021-12-31T13:14:05","guid":{"rendered":"https:\/\/radiostudiow.com.br\/site\/?p=5157"},"modified":"2025-01-31T15:12:13","modified_gmt":"2025-01-31T18:12:13","slug":"idoso-de-80-anos-e-ameacado-de-morte-por-vizinho-com-facao","status":"publish","type":"post","link":"https:\/\/radiostudiow.com.br\/site\/2021\/12\/31\/idoso-de-80-anos-e-ameacado-de-morte-por-vizinho-com-facao\/","title":{"rendered":"Idoso de 80 anos \u00e9 amea\u00e7ado de morte por vizinho com fac\u00e3o"},"content":{"rendered":"\n<p>Idoso de 80 anos \u00e9 amea\u00e7ado de morte por homem que portava um fac\u00e3o em m\u00e3os por volta das 18:00 horas dessa quinta \u2013 feira, 30 de Dezembro na \u00e1rea central de Cruz Machado.<\/p>\n\n\n\n<p>A equipe recebeu uma solicita\u00e7\u00e3o relatando que havia um homem com um fac\u00e3o em via p\u00fablica e estava indo at\u00e9 uma resid\u00eancia para agredir um senhor de 80 anos, de imediato os policiais se deslocaram at\u00e9 o local e entrou em contato com a v\u00edtima.<\/p>\n\n\n\n<p>O senhor relatou que seu vizinho foi at\u00e9 a frente de sua casa e com um fac\u00e3o batia nas cercas dos vizinhos e no ch\u00e3o em frente ao seu port\u00e3o e lhe chamava para fora dizendo \u201cvenha para fora que quero abrir tua cabe\u00e7a\u201d.<\/p>\n\n\n\n<p>A v\u00edtima informou que as amea\u00e7as foram direcionadas pra ele e que o autor proferiu diversos xingamentos.<\/p>\n\n\n\n<p>Diante da situa\u00e7\u00e3o a equipe policial localizou o autor que estava sentado em frente a sua resid\u00eancia, sendo abordado e identificado. Durante revista pessoal na de il\u00edcito foi localizado.<\/p>\n\n\n\n<p>Ambas as partes foram conduzidas ao Pelot\u00e3o da PM para confec\u00e7\u00e3o do Boletim de Ocorr\u00eancia e orientados aos procedimentos cab\u00edveis.<\/p>\n\n\n\n<figure class=\"wp-block-image size-large\"><img decoding=\"async\" src=\"https:\/\/radiostudiow.com.br\/site\/wp-content\/uploads\/2021\/12\/231815384_4188224831225875_2309644443555162767_n-1024x389.jpg\" alt=\"\" class=\"wp-image-4767\"\/><\/figure>\n","protected":false},"excerpt":{"rendered":"<p>Idoso de 80 anos \u00e9 amea\u00e7ado de morte por homem que portava um fac\u00e3o em m\u00e3os por volta das 18:00 horas dessa quinta \u2013 feira, 30 de Dezembro na \u00e1rea central de Cruz Machado. A equipe recebeu uma solicita\u00e7\u00e3o relatando que havia um homem com um fac\u00e3o em via p\u00fablica e estava indo at\u00e9 uma [&hellip;]<\/p>\n","protected":false},"author":2,"featured_media":0,"comment_status":"open","ping_status":"open","sticky":false,"template":"","format":"standard","meta":{"footnotes":""},"categories":[2],"tags":[172],"class_list":["post-5157","post","type-post","status-publish","format-standard","hentry","category-policial","tag-featured"],"amp_enabled":true,"_links":{"self":[{"href":"https:\/\/radiostudiow.com.br\/site\/wp-json\/wp\/v2\/posts\/5157","targetHints":{"allow":["GET"]}}],"collection":[{"href":"https:\/\/radiostudiow.com.br\/site\/wp-json\/wp\/v2\/posts"}],"about":[{"href":"https:\/\/radiostudiow.com.br\/site\/wp-json\/wp\/v2\/types\/post"}],"author":[{"embeddable":true,"href":"https:\/\/radiostudiow.com.br\/site\/wp-json\/wp\/v2\/users\/2"}],"replies":[{"embeddable":true,"href":"https:\/\/radiostudiow.com.br\/site\/wp-json\/wp\/v2\/comments?post=5157"}],"version-history":[{"count":1,"href":"https:\/\/radiostudiow.com.br\/site\/wp-json\/wp\/v2\/posts\/5157\/revisions"}],"predecessor-version":[{"id":5158,"href":"https:\/\/radiostudiow.com.br\/site\/wp-json\/wp\/v2\/posts\/5157\/revisions\/5158"}],"wp:attachment":[{"href":"https:\/\/radiostudiow.com.br\/site\/wp-json\/wp\/v2\/media?parent=5157"}],"wp:term":[{"taxonomy":"category","embeddable":true,"href":"https:\/\/radiostudiow.com.br\/site\/wp-json\/wp\/v2\/categories?post=5157"},{"taxonomy":"post_tag","embeddable":true,"href":"https:\/\/radiostudiow.com.br\/site\/wp-json\/wp\/v2\/tags?post=5157"}],"curies":[{"name":"wp","href":"https:\/\/api.w.org\/{rel}","templated":true}]}}