{"id":5160,"date":"2021-12-31T10:32:03","date_gmt":"2021-12-31T13:32:03","guid":{"rendered":"https:\/\/radiostudiow.com.br\/site\/?p=5160"},"modified":"2025-01-31T15:12:13","modified_gmt":"2025-01-31T18:12:13","slug":"homem-e-ameacado-de-morte-em-cruz-machado","status":"publish","type":"post","link":"https:\/\/radiostudiow.com.br\/site\/2021\/12\/31\/homem-e-ameacado-de-morte-em-cruz-machado\/","title":{"rendered":"Homem \u00e9 amea\u00e7ado de morte em Cruz Machado"},"content":{"rendered":"\n<p>Um senhor compareceu ao Pelot\u00e3o da Pol\u00edcia Militar de Cruz Machado relatando que sofreu amea\u00e7as enquanto estava em um posto de combust\u00edvel na manh\u00e3 dessa quinta \u2013 feira (30).<\/p>\n\n\n\n<p>A v\u00edtima afirmou que estava em um posto de combust\u00edvel por volta das 09:00 horas com os seus amigos quando em um momento ele foi amea\u00e7ado de morte pelo seu vizinho. Ainda relatou que h\u00e1 v\u00e1rios dias o autor vem lhe importunando.<\/p>\n\n\n\n<p>O solicitante disse que desconhece os motivos de tais amea\u00e7as, sendo orientado pela equipe policial quanto aos procedimentos cab\u00edveis.<\/p>\n\n\n\n<figure class=\"wp-block-image size-large\"><img decoding=\"async\" src=\"https:\/\/radiostudiow.com.br\/site\/wp-content\/uploads\/2021\/11\/240387432_2992083691066122_4820772207429196742_n-1024x393.jpg\" alt=\"\" class=\"wp-image-4314\"\/><\/figure>\n","protected":false},"excerpt":{"rendered":"<p>Um senhor compareceu ao Pelot\u00e3o da Pol\u00edcia Militar de Cruz Machado relatando que sofreu amea\u00e7as enquanto estava em um posto de combust\u00edvel na manh\u00e3 dessa quinta \u2013 feira (30). A v\u00edtima afirmou que estava em um posto de combust\u00edvel por volta das 09:00 horas com os seus amigos quando em um momento ele foi amea\u00e7ado [&hellip;]<\/p>\n","protected":false},"author":2,"featured_media":0,"comment_status":"open","ping_status":"open","sticky":false,"template":"","format":"standard","meta":{"footnotes":""},"categories":[2],"tags":[172],"class_list":["post-5160","post","type-post","status-publish","format-standard","hentry","category-policial","tag-featured"],"amp_enabled":true,"_links":{"self":[{"href":"https:\/\/radiostudiow.com.br\/site\/wp-json\/wp\/v2\/posts\/5160","targetHints":{"allow":["GET"]}}],"collection":[{"href":"https:\/\/radiostudiow.com.br\/site\/wp-json\/wp\/v2\/posts"}],"about":[{"href":"https:\/\/radiostudiow.com.br\/site\/wp-json\/wp\/v2\/types\/post"}],"author":[{"embeddable":true,"href":"https:\/\/radiostudiow.com.br\/site\/wp-json\/wp\/v2\/users\/2"}],"replies":[{"embeddable":true,"href":"https:\/\/radiostudiow.com.br\/site\/wp-json\/wp\/v2\/comments?post=5160"}],"version-history":[{"count":1,"href":"https:\/\/radiostudiow.com.br\/site\/wp-json\/wp\/v2\/posts\/5160\/revisions"}],"predecessor-version":[{"id":5161,"href":"https:\/\/radiostudiow.com.br\/site\/wp-json\/wp\/v2\/posts\/5160\/revisions\/5161"}],"wp:attachment":[{"href":"https:\/\/radiostudiow.com.br\/site\/wp-json\/wp\/v2\/media?parent=5160"}],"wp:term":[{"taxonomy":"category","embeddable":true,"href":"https:\/\/radiostudiow.com.br\/site\/wp-json\/wp\/v2\/categories?post=5160"},{"taxonomy":"post_tag","embeddable":true,"href":"https:\/\/radiostudiow.com.br\/site\/wp-json\/wp\/v2\/tags?post=5160"}],"curies":[{"name":"wp","href":"https:\/\/api.w.org\/{rel}","templated":true}]}}