{"id":5162,"date":"2021-12-31T11:07:43","date_gmt":"2021-12-31T14:07:43","guid":{"rendered":"https:\/\/radiostudiow.com.br\/site\/?p=5162"},"modified":"2025-01-31T15:12:13","modified_gmt":"2025-01-31T18:12:13","slug":"delegacia-de-rio-azul-sera-reaberta","status":"publish","type":"post","link":"https:\/\/radiostudiow.com.br\/site\/2021\/12\/31\/delegacia-de-rio-azul-sera-reaberta\/","title":{"rendered":"Delegacia de Rio Azul ser\u00e1 reaberta"},"content":{"rendered":"\n<p>Reabertura acontecer\u00e1 ap\u00f3s reforma do pr\u00e9dio da antiga delegacia e treinamento do funcion\u00e1rio p\u00fablico que far\u00e1 o registro dos boletins de ocorr\u00eancia<em>\/Karin Franco, com reportagem de Paulo Sava e Rodrigo Zub<\/em><\/p>\n\n\n\n<p>A Delegacia da Pol\u00edcia Civil de Rio Azul ser\u00e1 reaberta em breve, ap\u00f3s passar muitos anos fechada. O pr\u00e9dio ser\u00e1 reformado e um funcion\u00e1rio p\u00fablico da prefeitura de Rio Azul far\u00e1 o atendimento da popula\u00e7\u00e3o. Atualmente, os moradores precisam se deslocar para Irati ou Rebou\u00e7as para fazer um boletim de ocorr\u00eancia.<\/p>\n\n\n\n<p>A reabertura foi poss\u00edvel ap\u00f3s um acordo firmado com a Delegacia de Palmeira, que responde pela Delegacia de Rebou\u00e7as e, consequentemente, de Rio Azul. O prefeito de Rio Azul, Leandro Jasinski, juntamente com o presidente da C\u00e2mara de Vereadores de Rio Azul, S\u00e9rgio Mazur, e a vereadora, Jussara Martins, se reuniram com o delegado de Palmeira, Plinio Gomes Filho, para discutir o assunto.<\/p>\n\n\n\n<p>Segundo Leandro, ainda n\u00e3o h\u00e1 uma data para a reabertura que ser\u00e1 feita ap\u00f3s a reforma do pr\u00e9dio da antiga delegacia. <em>\u201cA partir dos pr\u00f3ximos dias vamos ajudar a Pol\u00edcia Civil a fazer a reforma do pr\u00e9dio, a reforma daquele espa\u00e7o, para t\u00e3o logo treinarmos o funcion\u00e1rio do munic\u00edpio De Rio Azul para come\u00e7ar esse atendimento\u201d<\/em>, disse o prefeito de Rio Azul.<\/p>\n\n\n\n<figure class=\"wp-block-image size-full\"><img decoding=\"async\" src=\"https:\/\/radiostudiow.com.br\/site\/wp-content\/uploads\/2021\/09\/HF-MALLET.jpg\" alt=\"\" class=\"wp-image-3544\"\/><\/figure>\n\n\n\n<p>Um dos problemas acarretados \u00e9 que muitas pessoas n\u00e3o possuem acesso \u00e0 internet e n\u00e3o conseguiam fazer o boletim de ocorr\u00eancia. <em>\u201cMas muitas pessoas ainda n\u00e3o tem o acesso para fazer o boletim pela internet e muitas vezes n\u00e3o tem o conhecimento para conseguir registrar um boletim de ocorr\u00eancia pela internet. Ainda mais em um momento que a pessoa pode estar nervosa, pode estar com algum tipo de problema por ter sofrido um assalto, uma batida de tr\u00e2nsito ou qualquer coisa parecida que necessite de fazer um boletim de ocorr\u00eancia\u201d<\/em>, disse Leandro.<\/p>\n\n\n\n<p>A delegacia receber\u00e1 uma nova pintura e ser\u00e1 adaptada para receber a popula\u00e7\u00e3o em casos de Boletins de Ocorr\u00eancia e Termo Circunstanciado. A partir do momento em que for iniciada, a obra dever\u00e1 ser conclu\u00edda em at\u00e9 duas semanas. A delegacia dever\u00e1 funcionar de segunda a sexta-feira, em hor\u00e1rio comercial, e n\u00e3o receber\u00e1 presos, fazendo apenas o atendimento administrativo.<\/p>\n\n\n\n<figure class=\"wp-block-image size-full\"><img decoding=\"async\" src=\"https:\/\/radiostudiow.com.br\/site\/wp-content\/uploads\/2021\/09\/SICREDI.jpg\" alt=\"\" class=\"wp-image-3492\"\/><\/figure>\n","protected":false},"excerpt":{"rendered":"<p>Reabertura acontecer\u00e1 ap\u00f3s reforma do pr\u00e9dio da antiga delegacia e treinamento do funcion\u00e1rio p\u00fablico que far\u00e1 o registro dos boletins de ocorr\u00eancia\/Karin Franco, com reportagem de Paulo Sava e Rodrigo Zub A Delegacia da Pol\u00edcia Civil de Rio Azul ser\u00e1 reaberta em breve, ap\u00f3s passar muitos anos fechada. O pr\u00e9dio ser\u00e1 reformado e um funcion\u00e1rio [&hellip;]<\/p>\n","protected":false},"author":2,"featured_media":5163,"comment_status":"open","ping_status":"open","sticky":false,"template":"","format":"standard","meta":{"footnotes":""},"categories":[185],"tags":[172],"class_list":["post-5162","post","type-post","status-publish","format-standard","has-post-thumbnail","hentry","category-regional","tag-featured"],"amp_enabled":true,"_links":{"self":[{"href":"https:\/\/radiostudiow.com.br\/site\/wp-json\/wp\/v2\/posts\/5162","targetHints":{"allow":["GET"]}}],"collection":[{"href":"https:\/\/radiostudiow.com.br\/site\/wp-json\/wp\/v2\/posts"}],"about":[{"href":"https:\/\/radiostudiow.com.br\/site\/wp-json\/wp\/v2\/types\/post"}],"author":[{"embeddable":true,"href":"https:\/\/radiostudiow.com.br\/site\/wp-json\/wp\/v2\/users\/2"}],"replies":[{"embeddable":true,"href":"https:\/\/radiostudiow.com.br\/site\/wp-json\/wp\/v2\/comments?post=5162"}],"version-history":[{"count":1,"href":"https:\/\/radiostudiow.com.br\/site\/wp-json\/wp\/v2\/posts\/5162\/revisions"}],"predecessor-version":[{"id":5164,"href":"https:\/\/radiostudiow.com.br\/site\/wp-json\/wp\/v2\/posts\/5162\/revisions\/5164"}],"wp:featuredmedia":[{"embeddable":true,"href":"https:\/\/radiostudiow.com.br\/site\/wp-json\/wp\/v2\/media\/5163"}],"wp:attachment":[{"href":"https:\/\/radiostudiow.com.br\/site\/wp-json\/wp\/v2\/media?parent=5162"}],"wp:term":[{"taxonomy":"category","embeddable":true,"href":"https:\/\/radiostudiow.com.br\/site\/wp-json\/wp\/v2\/categories?post=5162"},{"taxonomy":"post_tag","embeddable":true,"href":"https:\/\/radiostudiow.com.br\/site\/wp-json\/wp\/v2\/tags?post=5162"}],"curies":[{"name":"wp","href":"https:\/\/api.w.org\/{rel}","templated":true}]}}