{"id":5175,"date":"2022-01-03T09:17:12","date_gmt":"2022-01-03T12:17:12","guid":{"rendered":"https:\/\/radiostudiow.com.br\/site\/?p=5175"},"modified":"2025-01-31T15:12:13","modified_gmt":"2025-01-31T18:12:13","slug":"bebe-de-apenas-1-ano-e-8-meses-morre-apos-dar-entrada-em-hospital-com-varias-lesoes-pelo-corpo","status":"publish","type":"post","link":"https:\/\/radiostudiow.com.br\/site\/2022\/01\/03\/bebe-de-apenas-1-ano-e-8-meses-morre-apos-dar-entrada-em-hospital-com-varias-lesoes-pelo-corpo\/","title":{"rendered":"BEB\u00ca DE APENAS 1 ANO E 8 MESES MORRE AP\u00d3S DAR ENTRADA EM HOSPITAL COM V\u00c1RIAS LES\u00d5ES PELO CORPO"},"content":{"rendered":"\n<p><em>O fato ocorreu na cidade de <\/em>Uni\u00e3o da Vit\u00f3ria na madrugada deste s\u00e1bado dia 1\u00ba de janeiro.<\/p>\n\n\n\n<p>De acordo com a Pol\u00edcia Militar a qual foi acionada, um menino de um ano e oito meses deu entrada no hospital Associa\u00e7\u00e3o de Prote\u00e7\u00e3o \u00e0 Maternidade e Inf\u00e2ncia \u2013 APMI, com v\u00e1rias les\u00f5es pelo corpo.<\/p>\n\n\n\n<p>Informa\u00e7\u00f5es do site Canal 4, a m\u00e9dica que atendeu a crian\u00e7a, constatou o \u00f3bito e acionou as autoridades. O Instituto M\u00e9dico Legal \u2013 IML, de Uni\u00e3o da Vit\u00f3ria, foi chamado para fazer o recolhimento do corpo e os exames mais detalhados.<\/p>\n\n\n\n<p>Segundo o delegado Douglas Possebom e Freitas, a pol\u00edcia foi at\u00e9 o IML e constatou mordidas e rompimento de \u00f3rg\u00e3os internos.<\/p>\n\n\n\n<p>A guarda do menino est\u00e1 sob a responsabilidade de um tio. A fam\u00edlia veio de Barra Velha (SC) para Uni\u00e3o da Vit\u00f3ria e devido \u00e0s condi\u00e7\u00f5es prec\u00e1rias a guarda de forma provis\u00f3ria do garoto que morreu e mais um irm\u00e3o de 11 anos autista ficou com o tio, irm\u00e3o da m\u00e3e deles.<\/p>\n\n\n\n<p>\u201c<em>O menino que faleceu, junto com mais dois irm\u00e3os, sendo um deles autista, de 11 a<\/em>nos, vieram de <em>Santa Catarina porque a m\u00e3e n\u00e3o tinha condi\u00e7\u00f5es, com isso, esses tios ficaram com a guarda<\/em>\u201d, detalhou o delegado.<\/p>\n\n\n\n<p>Na casa da fam\u00edlia dos tios, existem outras crian\u00e7as que s\u00e3o filhas do casal.<\/p>\n\n\n\n<p>Neste s\u00e1bado, o casal de tios que estavam com a guarda provis\u00f3ria do menor j\u00e1 foram ouvidos e liberados para participarem do vel\u00f3rio.<\/p>\n\n\n\n<p>Segundo o delegado, muitas outras pessoas ser\u00e3o ouvidas at\u00e9 que uma decis\u00e3o de pris\u00e3o ou n\u00e3o aconte\u00e7a.<\/p>\n\n\n\n<p>Com informa\u00e7\u00f5es do site Canal 4<\/p>\n\n\n\n<figure class=\"wp-block-image size-full\"><img decoding=\"async\" src=\"https:\/\/radiostudiow.com.br\/site\/wp-content\/uploads\/2021\/09\/NUTRI-MALLET.jpg\" alt=\"\" class=\"wp-image-3543\"\/><\/figure>\n","protected":false},"excerpt":{"rendered":"<p>O fato ocorreu na cidade de Uni\u00e3o da Vit\u00f3ria na madrugada deste s\u00e1bado dia 1\u00ba de janeiro. De acordo com a Pol\u00edcia Militar a qual foi acionada, um menino de um ano e oito meses deu entrada no hospital Associa\u00e7\u00e3o de Prote\u00e7\u00e3o \u00e0 Maternidade e Inf\u00e2ncia \u2013 APMI, com v\u00e1rias les\u00f5es pelo corpo. Informa\u00e7\u00f5es do [&hellip;]<\/p>\n","protected":false},"author":2,"featured_media":0,"comment_status":"open","ping_status":"open","sticky":false,"template":"","format":"standard","meta":{"footnotes":""},"categories":[2],"tags":[172],"class_list":["post-5175","post","type-post","status-publish","format-standard","hentry","category-policial","tag-featured"],"amp_enabled":true,"_links":{"self":[{"href":"https:\/\/radiostudiow.com.br\/site\/wp-json\/wp\/v2\/posts\/5175","targetHints":{"allow":["GET"]}}],"collection":[{"href":"https:\/\/radiostudiow.com.br\/site\/wp-json\/wp\/v2\/posts"}],"about":[{"href":"https:\/\/radiostudiow.com.br\/site\/wp-json\/wp\/v2\/types\/post"}],"author":[{"embeddable":true,"href":"https:\/\/radiostudiow.com.br\/site\/wp-json\/wp\/v2\/users\/2"}],"replies":[{"embeddable":true,"href":"https:\/\/radiostudiow.com.br\/site\/wp-json\/wp\/v2\/comments?post=5175"}],"version-history":[{"count":1,"href":"https:\/\/radiostudiow.com.br\/site\/wp-json\/wp\/v2\/posts\/5175\/revisions"}],"predecessor-version":[{"id":5177,"href":"https:\/\/radiostudiow.com.br\/site\/wp-json\/wp\/v2\/posts\/5175\/revisions\/5177"}],"wp:attachment":[{"href":"https:\/\/radiostudiow.com.br\/site\/wp-json\/wp\/v2\/media?parent=5175"}],"wp:term":[{"taxonomy":"category","embeddable":true,"href":"https:\/\/radiostudiow.com.br\/site\/wp-json\/wp\/v2\/categories?post=5175"},{"taxonomy":"post_tag","embeddable":true,"href":"https:\/\/radiostudiow.com.br\/site\/wp-json\/wp\/v2\/tags?post=5175"}],"curies":[{"name":"wp","href":"https:\/\/api.w.org\/{rel}","templated":true}]}}