{"id":5179,"date":"2022-01-03T09:30:48","date_gmt":"2022-01-03T12:30:48","guid":{"rendered":"https:\/\/radiostudiow.com.br\/site\/?p=5179"},"modified":"2025-01-31T15:12:13","modified_gmt":"2025-01-31T18:12:13","slug":"mais-um-adolescente-morre-afogado-neste-comeco-de-ano-na-regiao","status":"publish","type":"post","link":"https:\/\/radiostudiow.com.br\/site\/2022\/01\/03\/mais-um-adolescente-morre-afogado-neste-comeco-de-ano-na-regiao\/","title":{"rendered":"Mais um adolescente morre afogado neste come\u00e7o de ano na regi\u00e3o"},"content":{"rendered":"\n<p>Mais um afogamento \u00e9 registrado neste in\u00edcio de ano.<\/p>\n\n\n\n<p>Um adolescente de 15 anos morreu afogado no final da tarde de domingo, 02 de janeiro, na localidade de balsa de S\u00e3o Vicente, na cidade de Porto Vit\u00f3ria.<\/p>\n\n\n\n<p>Equipes dos bombeiros de Uni\u00e3o da Vit\u00f3ria foram acionadas por volta das 18:30 horas para se deslocar at\u00e9 o local, no encontro das \u00e1guas do rio Jangada com o rio Igua\u00e7u.<\/p>\n\n\n\n<p>De acordo com as informa\u00e7\u00f5es, o adolescente que estava com seu pai acabou morrendo afogado. Seu nome n\u00e3o foi divulgado, apenas de que seria morador de Florian\u00f3polis.<\/p>\n\n\n\n<p>O corpo foi localizado horas depois pelos bombeiros, sendo recolhido pelo Instituto M\u00e9dico Legal de Uni\u00e3o da Vit\u00f3ria.<\/p>\n\n\n\n<p><strong>Fotos: k.C.G<\/strong><\/p>\n\n\n\n<figure class=\"wp-block-image size-large\"><img decoding=\"async\" src=\"https:\/\/radiostudiow.com.br\/site\/wp-content\/uploads\/2021\/12\/231815384_4188224831225875_2309644443555162767_n-1024x389.jpg\" alt=\"\" class=\"wp-image-4767\"\/><\/figure>\n\n\n\n<figure class=\"wp-block-image size-large\"><img decoding=\"async\" src=\"https:\/\/radiostudiow.com.br\/site\/wp-content\/uploads\/2022\/01\/834a5513-59b1-4910-819a-f703bb60dd01-739x1024.jpg\" alt=\"\" class=\"wp-image-5181\"\/><\/figure>\n","protected":false},"excerpt":{"rendered":"<p>Mais um afogamento \u00e9 registrado neste in\u00edcio de ano. Um adolescente de 15 anos morreu afogado no final da tarde de domingo, 02 de janeiro, na localidade de balsa de S\u00e3o Vicente, na cidade de Porto Vit\u00f3ria. Equipes dos bombeiros de Uni\u00e3o da Vit\u00f3ria foram acionadas por volta das 18:30 horas para se deslocar at\u00e9 [&hellip;]<\/p>\n","protected":false},"author":2,"featured_media":5182,"comment_status":"open","ping_status":"open","sticky":false,"template":"","format":"standard","meta":{"footnotes":""},"categories":[2],"tags":[172],"class_list":["post-5179","post","type-post","status-publish","format-standard","has-post-thumbnail","hentry","category-policial","tag-featured"],"amp_enabled":true,"_links":{"self":[{"href":"https:\/\/radiostudiow.com.br\/site\/wp-json\/wp\/v2\/posts\/5179","targetHints":{"allow":["GET"]}}],"collection":[{"href":"https:\/\/radiostudiow.com.br\/site\/wp-json\/wp\/v2\/posts"}],"about":[{"href":"https:\/\/radiostudiow.com.br\/site\/wp-json\/wp\/v2\/types\/post"}],"author":[{"embeddable":true,"href":"https:\/\/radiostudiow.com.br\/site\/wp-json\/wp\/v2\/users\/2"}],"replies":[{"embeddable":true,"href":"https:\/\/radiostudiow.com.br\/site\/wp-json\/wp\/v2\/comments?post=5179"}],"version-history":[{"count":2,"href":"https:\/\/radiostudiow.com.br\/site\/wp-json\/wp\/v2\/posts\/5179\/revisions"}],"predecessor-version":[{"id":5183,"href":"https:\/\/radiostudiow.com.br\/site\/wp-json\/wp\/v2\/posts\/5179\/revisions\/5183"}],"wp:featuredmedia":[{"embeddable":true,"href":"https:\/\/radiostudiow.com.br\/site\/wp-json\/wp\/v2\/media\/5182"}],"wp:attachment":[{"href":"https:\/\/radiostudiow.com.br\/site\/wp-json\/wp\/v2\/media?parent=5179"}],"wp:term":[{"taxonomy":"category","embeddable":true,"href":"https:\/\/radiostudiow.com.br\/site\/wp-json\/wp\/v2\/categories?post=5179"},{"taxonomy":"post_tag","embeddable":true,"href":"https:\/\/radiostudiow.com.br\/site\/wp-json\/wp\/v2\/tags?post=5179"}],"curies":[{"name":"wp","href":"https:\/\/api.w.org\/{rel}","templated":true}]}}