{"id":5189,"date":"2022-01-03T17:29:10","date_gmt":"2022-01-03T20:29:10","guid":{"rendered":"https:\/\/radiostudiow.com.br\/site\/?p=5189"},"modified":"2025-01-31T15:12:12","modified_gmt":"2025-01-31T18:12:12","slug":"ocorreu-um-acidente-na-rodovia-br-153-em-general-carneiro","status":"publish","type":"post","link":"https:\/\/radiostudiow.com.br\/site\/2022\/01\/03\/ocorreu-um-acidente-na-rodovia-br-153-em-general-carneiro\/","title":{"rendered":"Ocorreu um acidente na rodovia BR-153 em General Carneiro"},"content":{"rendered":"\n<p>Um Fiat Cronos de cor prata, com placas de Carazinho\/RS bateu em um anteparo e saiu da pista na rodovia BR-153, na regi\u00e3o de S\u00e3o Zacarias, km 498, em General Carneiro por volta das 14:00 horas da tarde desta segunda-feira (03).<\/p>\n\n\n\n<p>O motorista do carro de 62 anos de idade estava preso nas ferragens, sendo necess\u00e1rio o trabalho de desencarceramento da v\u00edtima pelos Bombeiros de General Carneiro. Em seguida, o motorista foi imobilizado e conduzido pela equipe do SAMU para atendimentos m\u00e9dicos em uma unidade hospitalar de Uni\u00e3o da Vit\u00f3ria.<\/p>\n\n\n\n<p>A Pol\u00edcia Rodovi\u00e1ria Federal \u2013 PRF tamb\u00e9m deu apoio na ocorr\u00eancia. A princ\u00edpio, o carro pode ter colidido em um rodado de uma carreta, que n\u00e3o parou no local, pois n\u00e3o foi poss\u00edvel localizar outro ve\u00edculo envolvido, sendo apenas o Fiat Cronos que estava no acostamento, com parte da lateral destru\u00edda.<\/p>\n\n\n\n<figure class=\"wp-block-image size-large\"><img decoding=\"async\" src=\"https:\/\/radiostudiow.com.br\/site\/wp-content\/uploads\/2021\/12\/231815384_4188224831225875_2309644443555162767_n-1024x389.jpg\" alt=\"\" class=\"wp-image-4767\"\/><\/figure>\n","protected":false},"excerpt":{"rendered":"<p>Um Fiat Cronos de cor prata, com placas de Carazinho\/RS bateu em um anteparo e saiu da pista na rodovia BR-153, na regi\u00e3o de S\u00e3o Zacarias, km 498, em General Carneiro por volta das 14:00 horas da tarde desta segunda-feira (03). O motorista do carro de 62 anos de idade estava preso nas ferragens, sendo [&hellip;]<\/p>\n","protected":false},"author":2,"featured_media":5190,"comment_status":"open","ping_status":"open","sticky":false,"template":"","format":"standard","meta":{"footnotes":""},"categories":[2],"tags":[172],"class_list":["post-5189","post","type-post","status-publish","format-standard","has-post-thumbnail","hentry","category-policial","tag-featured"],"amp_enabled":true,"_links":{"self":[{"href":"https:\/\/radiostudiow.com.br\/site\/wp-json\/wp\/v2\/posts\/5189","targetHints":{"allow":["GET"]}}],"collection":[{"href":"https:\/\/radiostudiow.com.br\/site\/wp-json\/wp\/v2\/posts"}],"about":[{"href":"https:\/\/radiostudiow.com.br\/site\/wp-json\/wp\/v2\/types\/post"}],"author":[{"embeddable":true,"href":"https:\/\/radiostudiow.com.br\/site\/wp-json\/wp\/v2\/users\/2"}],"replies":[{"embeddable":true,"href":"https:\/\/radiostudiow.com.br\/site\/wp-json\/wp\/v2\/comments?post=5189"}],"version-history":[{"count":1,"href":"https:\/\/radiostudiow.com.br\/site\/wp-json\/wp\/v2\/posts\/5189\/revisions"}],"predecessor-version":[{"id":5191,"href":"https:\/\/radiostudiow.com.br\/site\/wp-json\/wp\/v2\/posts\/5189\/revisions\/5191"}],"wp:featuredmedia":[{"embeddable":true,"href":"https:\/\/radiostudiow.com.br\/site\/wp-json\/wp\/v2\/media\/5190"}],"wp:attachment":[{"href":"https:\/\/radiostudiow.com.br\/site\/wp-json\/wp\/v2\/media?parent=5189"}],"wp:term":[{"taxonomy":"category","embeddable":true,"href":"https:\/\/radiostudiow.com.br\/site\/wp-json\/wp\/v2\/categories?post=5189"},{"taxonomy":"post_tag","embeddable":true,"href":"https:\/\/radiostudiow.com.br\/site\/wp-json\/wp\/v2\/tags?post=5189"}],"curies":[{"name":"wp","href":"https:\/\/api.w.org\/{rel}","templated":true}]}}