{"id":5194,"date":"2022-01-04T16:06:54","date_gmt":"2022-01-04T19:06:54","guid":{"rendered":"https:\/\/radiostudiow.com.br\/site\/?p=5194"},"modified":"2025-01-31T15:12:12","modified_gmt":"2025-01-31T18:12:12","slug":"policia-militar-recupera-motocicleta-em-sao-mateus-do-sul","status":"publish","type":"post","link":"https:\/\/radiostudiow.com.br\/site\/2022\/01\/04\/policia-militar-recupera-motocicleta-em-sao-mateus-do-sul\/","title":{"rendered":"Pol\u00edcia Militar recupera motocicleta em S\u00e3o Mateus do Sul"},"content":{"rendered":"\n<p>A Pol\u00edcia Militar recuperou a motocicleta&nbsp;Honda Strada 200, que havia sido furtada durante a madrugada desta ter\u00e7a-feira, 04 de Janeiro, na Col\u00f4nia Cachoeira.<\/p>\n\n\n\n<p>Segundo informa\u00e7\u00f5es da PM, a v\u00edtima relatou que ao chegar na casa de seus pais, percebeu que o port\u00e3o estava aberto, e que havia um carrinho de m\u00e3o, um cabo de alimenta\u00e7\u00e3o e uma bateria. <\/p>\n\n\n\n<p>A moto foi encontrada em um matagal, localizado nos fundos do Gin\u00e1sio de Esportes da Vila Bom Jesus. A equipe j\u00e1 sabe a identifica\u00e7\u00e3o do autor e est\u00e1 aa procura do mesmo. &nbsp;As v\u00edtimas notaram pelas c\u00e2meras de seguran\u00e7a que o fato teria ocorrido por volta de 03:00 horas.<\/p>\n\n\n\n<p>A motocicleta foi encaminhada \u00e0 3\u00aa SDP para provid\u00eancias cab\u00edveis e para ser entregue ao propriet\u00e1rio.<\/p>\n\n\n\n<p>Fonte:Portal RDX<\/p>\n\n\n\n<figure class=\"wp-block-image size-large\"><img decoding=\"async\" src=\"https:\/\/radiostudiow.com.br\/site\/wp-content\/uploads\/2021\/11\/240387432_2992083691066122_4820772207429196742_n-1024x393.jpg\" alt=\"\" class=\"wp-image-4314\"\/><\/figure>\n\n\n\n<figure class=\"wp-block-image size-full\"><img loading=\"lazy\" decoding=\"async\" width=\"1024\" height=\"576\" src=\"https:\/\/radiostudiow.com.br\/site\/wp-content\/uploads\/2022\/01\/WhatsApp-Image-2022-01-04-at-08.32.49-1024x576-1.jpeg\" alt=\"\" class=\"wp-image-5195\" srcset=\"https:\/\/radiostudiow.com.br\/site\/wp-content\/uploads\/2022\/01\/WhatsApp-Image-2022-01-04-at-08.32.49-1024x576-1.jpeg 1024w, https:\/\/radiostudiow.com.br\/site\/wp-content\/uploads\/2022\/01\/WhatsApp-Image-2022-01-04-at-08.32.49-1024x576-1-300x169.jpeg 300w, https:\/\/radiostudiow.com.br\/site\/wp-content\/uploads\/2022\/01\/WhatsApp-Image-2022-01-04-at-08.32.49-1024x576-1-768x432.jpeg 768w\" sizes=\"auto, (max-width: 1024px) 100vw, 1024px\" \/><\/figure>\n","protected":false},"excerpt":{"rendered":"<p>A Pol\u00edcia Militar recuperou a motocicleta&nbsp;Honda Strada 200, que havia sido furtada durante a madrugada desta ter\u00e7a-feira, 04 de Janeiro, na Col\u00f4nia Cachoeira. Segundo informa\u00e7\u00f5es da PM, a v\u00edtima relatou que ao chegar na casa de seus pais, percebeu que o port\u00e3o estava aberto, e que havia um carrinho de m\u00e3o, um cabo de alimenta\u00e7\u00e3o [&hellip;]<\/p>\n","protected":false},"author":2,"featured_media":5196,"comment_status":"open","ping_status":"open","sticky":false,"template":"","format":"standard","meta":{"footnotes":""},"categories":[2],"tags":[172],"class_list":["post-5194","post","type-post","status-publish","format-standard","has-post-thumbnail","hentry","category-policial","tag-featured"],"amp_enabled":true,"_links":{"self":[{"href":"https:\/\/radiostudiow.com.br\/site\/wp-json\/wp\/v2\/posts\/5194","targetHints":{"allow":["GET"]}}],"collection":[{"href":"https:\/\/radiostudiow.com.br\/site\/wp-json\/wp\/v2\/posts"}],"about":[{"href":"https:\/\/radiostudiow.com.br\/site\/wp-json\/wp\/v2\/types\/post"}],"author":[{"embeddable":true,"href":"https:\/\/radiostudiow.com.br\/site\/wp-json\/wp\/v2\/users\/2"}],"replies":[{"embeddable":true,"href":"https:\/\/radiostudiow.com.br\/site\/wp-json\/wp\/v2\/comments?post=5194"}],"version-history":[{"count":2,"href":"https:\/\/radiostudiow.com.br\/site\/wp-json\/wp\/v2\/posts\/5194\/revisions"}],"predecessor-version":[{"id":5198,"href":"https:\/\/radiostudiow.com.br\/site\/wp-json\/wp\/v2\/posts\/5194\/revisions\/5198"}],"wp:featuredmedia":[{"embeddable":true,"href":"https:\/\/radiostudiow.com.br\/site\/wp-json\/wp\/v2\/media\/5196"}],"wp:attachment":[{"href":"https:\/\/radiostudiow.com.br\/site\/wp-json\/wp\/v2\/media?parent=5194"}],"wp:term":[{"taxonomy":"category","embeddable":true,"href":"https:\/\/radiostudiow.com.br\/site\/wp-json\/wp\/v2\/categories?post=5194"},{"taxonomy":"post_tag","embeddable":true,"href":"https:\/\/radiostudiow.com.br\/site\/wp-json\/wp\/v2\/tags?post=5194"}],"curies":[{"name":"wp","href":"https:\/\/api.w.org\/{rel}","templated":true}]}}