{"id":5207,"date":"2022-01-05T17:36:47","date_gmt":"2022-01-05T20:36:47","guid":{"rendered":"https:\/\/radiostudiow.com.br\/site\/?p=5207"},"modified":"2025-01-31T15:12:12","modified_gmt":"2025-01-31T18:12:12","slug":"quadrilha-de-general-carneiro-e-presa-por-aplicar-golpe-em-idosa","status":"publish","type":"post","link":"https:\/\/radiostudiow.com.br\/site\/2022\/01\/05\/quadrilha-de-general-carneiro-e-presa-por-aplicar-golpe-em-idosa\/","title":{"rendered":"Quadrilha de General Carneiro \u00e9 presa por aplicar golpe em idosa"},"content":{"rendered":"\n<p>Tr\u00eas homens e uma mulher foram presos durante o fim de tarde dessa ter\u00e7a-feira, 04 de janeiro, por volta das 18:10 horas na cidade de General Carneiro. A quadrilha foi identificada como respons\u00e1vel de um golpe de estelionato e furto contra uma idosa de 74 anos na cidade de Lapa\/PR.<\/p>\n\n\n\n<p>De acordo com informa\u00e7\u00f5es, a quadrilha aplicou o golpe na idosa que foi lesada em um valor consider\u00e1vel em esp\u00e9cie, al\u00e9m de valores altos em formas de transfer\u00eancias banc\u00e1rias. Ap\u00f3s o crime, a Pol\u00edcia local atrav\u00e9s do servi\u00e7o de intelig\u00eancia iniciou a coleta de dados e consegue identificar que os suspeitos estariam em um ve\u00edculo Ford\/Fiesta de cor prata.<\/p>\n\n\n\n<p>Com informa\u00e7\u00f5es mais precisas sobre os suspeitos, a situa\u00e7\u00e3o foi repassada para a Pol\u00edcia do 27\u00ba Batalh\u00e3o que conseguiu localizar o ve\u00edculo na \u00e1rea central de General Carneiro, sendo o mesmo abordado ainda com os quatro suspeitos \u00e0 bordo.<\/p>\n\n\n\n<p>Ap\u00f3s realizar busca no carro, a Pol\u00edcia encontrou certo valor em esp\u00e9cie e o aparelho celular da v\u00edtima, o qual tamb\u00e9m tinha sido furtado. Diante da situa\u00e7\u00e3o os quatro receberam voz de pris\u00e3o e foram conduzidos para a delegacia de Uni\u00e3o da Vit\u00f3ria.<\/p>\n\n\n\n<figure class=\"wp-block-image size-large\"><img decoding=\"async\" src=\"https:\/\/radiostudiow.com.br\/site\/wp-content\/uploads\/2021\/12\/231815384_4188224831225875_2309644443555162767_n-1024x389.jpg\" alt=\"\" class=\"wp-image-4767\"\/><\/figure>\n\n\n\n<p><a href=\"javascript:void(0);\"><\/a><\/p>\n","protected":false},"excerpt":{"rendered":"<p>Tr\u00eas homens e uma mulher foram presos durante o fim de tarde dessa ter\u00e7a-feira, 04 de janeiro, por volta das 18:10 horas na cidade de General Carneiro. A quadrilha foi identificada como respons\u00e1vel de um golpe de estelionato e furto contra uma idosa de 74 anos na cidade de Lapa\/PR. De acordo com informa\u00e7\u00f5es, a [&hellip;]<\/p>\n","protected":false},"author":2,"featured_media":5208,"comment_status":"open","ping_status":"open","sticky":false,"template":"","format":"standard","meta":{"footnotes":""},"categories":[2],"tags":[172],"class_list":["post-5207","post","type-post","status-publish","format-standard","has-post-thumbnail","hentry","category-policial","tag-featured"],"amp_enabled":true,"_links":{"self":[{"href":"https:\/\/radiostudiow.com.br\/site\/wp-json\/wp\/v2\/posts\/5207","targetHints":{"allow":["GET"]}}],"collection":[{"href":"https:\/\/radiostudiow.com.br\/site\/wp-json\/wp\/v2\/posts"}],"about":[{"href":"https:\/\/radiostudiow.com.br\/site\/wp-json\/wp\/v2\/types\/post"}],"author":[{"embeddable":true,"href":"https:\/\/radiostudiow.com.br\/site\/wp-json\/wp\/v2\/users\/2"}],"replies":[{"embeddable":true,"href":"https:\/\/radiostudiow.com.br\/site\/wp-json\/wp\/v2\/comments?post=5207"}],"version-history":[{"count":1,"href":"https:\/\/radiostudiow.com.br\/site\/wp-json\/wp\/v2\/posts\/5207\/revisions"}],"predecessor-version":[{"id":5209,"href":"https:\/\/radiostudiow.com.br\/site\/wp-json\/wp\/v2\/posts\/5207\/revisions\/5209"}],"wp:featuredmedia":[{"embeddable":true,"href":"https:\/\/radiostudiow.com.br\/site\/wp-json\/wp\/v2\/media\/5208"}],"wp:attachment":[{"href":"https:\/\/radiostudiow.com.br\/site\/wp-json\/wp\/v2\/media?parent=5207"}],"wp:term":[{"taxonomy":"category","embeddable":true,"href":"https:\/\/radiostudiow.com.br\/site\/wp-json\/wp\/v2\/categories?post=5207"},{"taxonomy":"post_tag","embeddable":true,"href":"https:\/\/radiostudiow.com.br\/site\/wp-json\/wp\/v2\/tags?post=5207"}],"curies":[{"name":"wp","href":"https:\/\/api.w.org\/{rel}","templated":true}]}}