{"id":5210,"date":"2022-01-05T17:43:23","date_gmt":"2022-01-05T20:43:23","guid":{"rendered":"https:\/\/radiostudiow.com.br\/site\/?p=5210"},"modified":"2025-01-31T15:12:12","modified_gmt":"2025-01-31T18:12:12","slug":"casa-dos-tios-de-bebe-que-morreu-por-maus-tratos-e-invadida","status":"publish","type":"post","link":"https:\/\/radiostudiow.com.br\/site\/2022\/01\/05\/casa-dos-tios-de-bebe-que-morreu-por-maus-tratos-e-invadida\/","title":{"rendered":"Casa dos tios de beb\u00ea que morreu por maus-tratos \u00e9 invadida"},"content":{"rendered":"\n<p>A casa onde residiam os tios do beb\u00ea que veio \u00e0 \u00f3bito em raz\u00e3o de maus-tratos, foi invadida neste in\u00edcio de semana.<\/p>\n\n\n\n<p>Ap\u00f3s a morte do beb\u00ea, os tios que tinham a guarda da crian\u00e7a precisaram deixar \u00e0 casa onde residiam no Conjunto Horst Waldraff por que estariam sofrendo amea\u00e7as de linchamento. Depois que deixaram a casa, ela foi invadida por uma fam\u00edlia que seria da regi\u00e3o, a qual tomou posse do local e n\u00e3o teve a identifica\u00e7\u00e3o divulgada neste primeiro momento.<\/p>\n\n\n\n<p>Informa\u00e7\u00f5es extraoficiais de moradores do bairro, tamb\u00e9m indicam que algumas pessoas teriam saqueado os pertences e im\u00f3veis que teriam ficado na casa, antes desta fam\u00edlia tomar posse. Essa informa\u00e7\u00e3o no entanto, n\u00e3o foi confirmada oficialmente pela Pol\u00edcia, que negou ter atendido alguma ocorr\u00eancia deste g\u00eanero.<\/p>\n\n\n\n<p>Os tios do beb\u00ea, os quais tamb\u00e9m tinham a guarda de outras crian\u00e7as, foram apontados por moradores e pelas redes sociais como os principais suspeitos pelos maus-tratos que o beb\u00ea sofreu. O delegado de Uni\u00e3o da Vit\u00f3ria, entretanto, informou que o caso ainda est\u00e1 sendo investigado, que n\u00e3o se pode tomar conclus\u00f5es precipitadas e afirmou que ir\u00e1 solucionar o caso.<\/p>\n\n\n\n<figure class=\"wp-block-image size-large\"><img decoding=\"async\" src=\"https:\/\/radiostudiow.com.br\/site\/wp-content\/uploads\/2021\/11\/240387432_2992083691066122_4820772207429196742_n-1024x393.jpg\" alt=\"\" class=\"wp-image-4314\"\/><\/figure>\n","protected":false},"excerpt":{"rendered":"<p>A casa onde residiam os tios do beb\u00ea que veio \u00e0 \u00f3bito em raz\u00e3o de maus-tratos, foi invadida neste in\u00edcio de semana. Ap\u00f3s a morte do beb\u00ea, os tios que tinham a guarda da crian\u00e7a precisaram deixar \u00e0 casa onde residiam no Conjunto Horst Waldraff por que estariam sofrendo amea\u00e7as de linchamento. Depois que deixaram [&hellip;]<\/p>\n","protected":false},"author":2,"featured_media":5211,"comment_status":"open","ping_status":"open","sticky":false,"template":"","format":"standard","meta":{"footnotes":""},"categories":[2],"tags":[172],"class_list":["post-5210","post","type-post","status-publish","format-standard","has-post-thumbnail","hentry","category-policial","tag-featured"],"amp_enabled":true,"_links":{"self":[{"href":"https:\/\/radiostudiow.com.br\/site\/wp-json\/wp\/v2\/posts\/5210","targetHints":{"allow":["GET"]}}],"collection":[{"href":"https:\/\/radiostudiow.com.br\/site\/wp-json\/wp\/v2\/posts"}],"about":[{"href":"https:\/\/radiostudiow.com.br\/site\/wp-json\/wp\/v2\/types\/post"}],"author":[{"embeddable":true,"href":"https:\/\/radiostudiow.com.br\/site\/wp-json\/wp\/v2\/users\/2"}],"replies":[{"embeddable":true,"href":"https:\/\/radiostudiow.com.br\/site\/wp-json\/wp\/v2\/comments?post=5210"}],"version-history":[{"count":1,"href":"https:\/\/radiostudiow.com.br\/site\/wp-json\/wp\/v2\/posts\/5210\/revisions"}],"predecessor-version":[{"id":5212,"href":"https:\/\/radiostudiow.com.br\/site\/wp-json\/wp\/v2\/posts\/5210\/revisions\/5212"}],"wp:featuredmedia":[{"embeddable":true,"href":"https:\/\/radiostudiow.com.br\/site\/wp-json\/wp\/v2\/media\/5211"}],"wp:attachment":[{"href":"https:\/\/radiostudiow.com.br\/site\/wp-json\/wp\/v2\/media?parent=5210"}],"wp:term":[{"taxonomy":"category","embeddable":true,"href":"https:\/\/radiostudiow.com.br\/site\/wp-json\/wp\/v2\/categories?post=5210"},{"taxonomy":"post_tag","embeddable":true,"href":"https:\/\/radiostudiow.com.br\/site\/wp-json\/wp\/v2\/tags?post=5210"}],"curies":[{"name":"wp","href":"https:\/\/api.w.org\/{rel}","templated":true}]}}