{"id":5217,"date":"2022-01-06T11:22:57","date_gmt":"2022-01-06T14:22:57","guid":{"rendered":"https:\/\/radiostudiow.com.br\/site\/?p=5217"},"modified":"2025-01-31T15:12:12","modified_gmt":"2025-01-31T18:12:12","slug":"carro-colide-com-poste-de-energia-eletrica-no-centro-de-irati","status":"publish","type":"post","link":"https:\/\/radiostudiow.com.br\/site\/2022\/01\/06\/carro-colide-com-poste-de-energia-eletrica-no-centro-de-irati\/","title":{"rendered":"CARRO COLIDE COM POSTE DE ENERGIA EL\u00c9TRICA NO CENTRO DE IRATI"},"content":{"rendered":"\n<p>Nesta quarta-feira (05), por volta de 21h45 na Rua Trajano Gr\u00e1cia em Irati, um ve\u00edculo Gol acabou colidindo contra um poste de alta tens\u00e3o, o que ocasionou muitos estragos no ve\u00edculo e no poste.<\/p>\n\n\n\n<p>De acordo com o rep\u00f3rter Mesquita do Portal Irati,&nbsp; populares que presenciaram o acidente, contaram que apenas o autom\u00f3vel se envolveu na batida e que logo ap\u00f3s duas pessoas sa\u00edram do ve\u00edculo e se evadiram do local, n\u00e3o havendo feridos ocasionados pela colis\u00e3o, segundo informa\u00e7\u00f5es preliminares.<\/p>\n\n\n\n<p>Pol\u00edcia Militar, Guarda Municipal e Corpo de Bombeiros estiveram no local para atendimento da ocorr\u00eancia.<\/p>\n\n\n\n<p>Informa\u00e7\u00f5es tamb\u00e9m de populares afirmam que possivelmente o Gol seguia no sentido Vila S\u00e3o Jo\u00e3o para o centro de Irati, momento em que o motorista se perdeu, vindo a se chocar contra o poste.<\/p>\n\n\n\n<figure class=\"wp-block-image size-full\"><img decoding=\"async\" src=\"https:\/\/radiostudiow.com.br\/site\/wp-content\/uploads\/2021\/08\/240387432_2992083691066122_4820772207429196742_n.jpg\" alt=\"\" class=\"wp-image-3380\"\/><\/figure>\n\n\n\n<figure class=\"wp-block-gallery columns-1 is-cropped wp-block-gallery-1 is-layout-flex wp-block-gallery-is-layout-flex\"><ul class=\"blocks-gallery-grid\"><li class=\"blocks-gallery-item\"><figure><img decoding=\"async\" src=\"https:\/\/radiostudiow.com.br\/site\/wp-content\/uploads\/2022\/01\/01.jpg\" alt=\"\" data-id=\"5218\" data-full-url=\"https:\/\/radiostudiow.com.br\/site\/wp-content\/uploads\/2022\/01\/01.jpg\" data-link=\"https:\/\/radiostudiow.com.br\/site\/?attachment_id=5218\" class=\"wp-image-5218\"\/><\/figure><\/li><li class=\"blocks-gallery-item\"><figure><img loading=\"lazy\" decoding=\"async\" width=\"798\" height=\"641\" src=\"https:\/\/radiostudiow.com.br\/site\/wp-content\/uploads\/2022\/01\/02.jpg\" alt=\"\" data-id=\"5219\" data-full-url=\"https:\/\/radiostudiow.com.br\/site\/wp-content\/uploads\/2022\/01\/02.jpg\" data-link=\"https:\/\/radiostudiow.com.br\/site\/?attachment_id=5219\" class=\"wp-image-5219\" srcset=\"https:\/\/radiostudiow.com.br\/site\/wp-content\/uploads\/2022\/01\/02.jpg 798w, https:\/\/radiostudiow.com.br\/site\/wp-content\/uploads\/2022\/01\/02-300x241.jpg 300w, https:\/\/radiostudiow.com.br\/site\/wp-content\/uploads\/2022\/01\/02-768x617.jpg 768w\" sizes=\"auto, (max-width: 798px) 100vw, 798px\" \/><\/figure><\/li><\/ul><\/figure>\n\n\n\n<p>Fonte e fotos: Portal Irati<\/p>\n\n\n\n<figure class=\"wp-block-image size-full\"><img decoding=\"async\" src=\"https:\/\/radiostudiow.com.br\/site\/wp-content\/uploads\/2021\/09\/NUTRI-MALLET.jpg\" alt=\"\" class=\"wp-image-3543\"\/><\/figure>\n\n\n\n<figure class=\"wp-block-image size-large\"><img decoding=\"async\" src=\"https:\/\/radiostudiow.com.br\/site\/wp-content\/uploads\/2021\/12\/231815384_4188224831225875_2309644443555162767_n-1024x389.jpg\" alt=\"\" class=\"wp-image-4767\"\/><\/figure>\n","protected":false},"excerpt":{"rendered":"<p>Nesta quarta-feira (05), por volta de 21h45 na Rua Trajano Gr\u00e1cia em Irati, um ve\u00edculo Gol acabou colidindo contra um poste de alta tens\u00e3o, o que ocasionou muitos estragos no ve\u00edculo e no poste. De acordo com o rep\u00f3rter Mesquita do Portal Irati,&nbsp; populares que presenciaram o acidente, contaram que apenas o autom\u00f3vel se envolveu [&hellip;]<\/p>\n","protected":false},"author":2,"featured_media":0,"comment_status":"open","ping_status":"open","sticky":false,"template":"","format":"standard","meta":{"footnotes":""},"categories":[7,185],"tags":[172],"class_list":["post-5217","post","type-post","status-publish","format-standard","hentry","category-geral","category-regional","tag-featured"],"amp_enabled":true,"_links":{"self":[{"href":"https:\/\/radiostudiow.com.br\/site\/wp-json\/wp\/v2\/posts\/5217","targetHints":{"allow":["GET"]}}],"collection":[{"href":"https:\/\/radiostudiow.com.br\/site\/wp-json\/wp\/v2\/posts"}],"about":[{"href":"https:\/\/radiostudiow.com.br\/site\/wp-json\/wp\/v2\/types\/post"}],"author":[{"embeddable":true,"href":"https:\/\/radiostudiow.com.br\/site\/wp-json\/wp\/v2\/users\/2"}],"replies":[{"embeddable":true,"href":"https:\/\/radiostudiow.com.br\/site\/wp-json\/wp\/v2\/comments?post=5217"}],"version-history":[{"count":1,"href":"https:\/\/radiostudiow.com.br\/site\/wp-json\/wp\/v2\/posts\/5217\/revisions"}],"predecessor-version":[{"id":5220,"href":"https:\/\/radiostudiow.com.br\/site\/wp-json\/wp\/v2\/posts\/5217\/revisions\/5220"}],"wp:attachment":[{"href":"https:\/\/radiostudiow.com.br\/site\/wp-json\/wp\/v2\/media?parent=5217"}],"wp:term":[{"taxonomy":"category","embeddable":true,"href":"https:\/\/radiostudiow.com.br\/site\/wp-json\/wp\/v2\/categories?post=5217"},{"taxonomy":"post_tag","embeddable":true,"href":"https:\/\/radiostudiow.com.br\/site\/wp-json\/wp\/v2\/tags?post=5217"}],"curies":[{"name":"wp","href":"https:\/\/api.w.org\/{rel}","templated":true}]}}