{"id":5221,"date":"2022-01-06T11:36:25","date_gmt":"2022-01-06T14:36:25","guid":{"rendered":"https:\/\/radiostudiow.com.br\/site\/?p=5221"},"modified":"2025-01-31T15:12:12","modified_gmt":"2025-01-31T18:12:12","slug":"urgente-homem-entra-em-confronto-armado-com-a-policia-militar-de-mallet-e-acaba-morrendo-no-interior-do-municipio","status":"publish","type":"post","link":"https:\/\/radiostudiow.com.br\/site\/2022\/01\/06\/urgente-homem-entra-em-confronto-armado-com-a-policia-militar-de-mallet-e-acaba-morrendo-no-interior-do-municipio\/","title":{"rendered":"URGENTE!!! HOMEM ENTRA EM CONFRONTO ARMADO COM A POL\u00cdCIA MILITAR DE MALLET E ACABA MORRENDO NO INTERIOR DO MUNIC\u00cdPIO"},"content":{"rendered":"\n<p>Nesta quinta-feira (06), os policiais militares do Pelot\u00e3o Cabo Abr\u00e3o Kanclarovicz de Mallet, foram acionados para atender uma situa\u00e7\u00e3o de viol\u00eancia dom\u00e9stica na regi\u00e3o da Col\u00f4nia 1 pr\u00f3ximo ao Distrito de Rio Claro do Sul.<\/p>\n\n\n\n<p>O fato teria sido registrado por volta das 08:00 horas da manh\u00e3, quando as primeiras informa\u00e7\u00f5es d\u00e3o conta que ao chegarem ao local, os policiais deram voz de abordagem, foram recebidos a tiros pelo suspeito.<\/p>\n\n\n\n<p>Sendo assim, os policiais revidaram e durante o confronto o homem foi baleado e acabou morrendo no local.<\/p>\n\n\n\n<p>A Pol\u00edcia Militar ainda n\u00e3o divulgou o nome do cidad\u00e3o, mas o que se sabe at\u00e9 agora \u00e9 que ele possui v\u00e1rias passagens pela Pol\u00edcia.<\/p>\n\n\n\n<p>Al\u00e9m da Pol\u00edcia Militar, a Pol\u00edcia Civil da 10\u00aa DRP de Mallet est\u00e1 no local.<\/p>\n\n\n\n<p>A Pol\u00edcia Criminal\u00edstica e o IML (Instituto M\u00e9dico Legal) de Uni\u00e3o da Vit\u00f3ria foram acionados.<\/p>\n\n\n\n<figure class=\"wp-block-image size-full\"><img decoding=\"async\" src=\"https:\/\/radiostudiow.com.br\/site\/wp-content\/uploads\/2021\/08\/240387432_2992083691066122_4820772207429196742_n.jpg\" alt=\"\" class=\"wp-image-3380\"\/><\/figure>\n\n\n\n<figure class=\"wp-block-image size-full\"><img decoding=\"async\" src=\"https:\/\/radiostudiow.com.br\/site\/wp-content\/uploads\/2021\/07\/vem_ai.jpg\" alt=\"\" class=\"wp-image-2861\"\/><\/figure>\n","protected":false},"excerpt":{"rendered":"<p>Nesta quinta-feira (06), os policiais militares do Pelot\u00e3o Cabo Abr\u00e3o Kanclarovicz de Mallet, foram acionados para atender uma situa\u00e7\u00e3o de viol\u00eancia dom\u00e9stica na regi\u00e3o da Col\u00f4nia 1 pr\u00f3ximo ao Distrito de Rio Claro do Sul. O fato teria sido registrado por volta das 08:00 horas da manh\u00e3, quando as primeiras informa\u00e7\u00f5es d\u00e3o conta que ao [&hellip;]<\/p>\n","protected":false},"author":2,"featured_media":5224,"comment_status":"open","ping_status":"open","sticky":false,"template":"","format":"standard","meta":{"footnotes":""},"categories":[184,2],"tags":[172],"class_list":["post-5221","post","type-post","status-publish","format-standard","has-post-thumbnail","hentry","category-local","category-policial","tag-featured"],"amp_enabled":true,"_links":{"self":[{"href":"https:\/\/radiostudiow.com.br\/site\/wp-json\/wp\/v2\/posts\/5221","targetHints":{"allow":["GET"]}}],"collection":[{"href":"https:\/\/radiostudiow.com.br\/site\/wp-json\/wp\/v2\/posts"}],"about":[{"href":"https:\/\/radiostudiow.com.br\/site\/wp-json\/wp\/v2\/types\/post"}],"author":[{"embeddable":true,"href":"https:\/\/radiostudiow.com.br\/site\/wp-json\/wp\/v2\/users\/2"}],"replies":[{"embeddable":true,"href":"https:\/\/radiostudiow.com.br\/site\/wp-json\/wp\/v2\/comments?post=5221"}],"version-history":[{"count":1,"href":"https:\/\/radiostudiow.com.br\/site\/wp-json\/wp\/v2\/posts\/5221\/revisions"}],"predecessor-version":[{"id":5223,"href":"https:\/\/radiostudiow.com.br\/site\/wp-json\/wp\/v2\/posts\/5221\/revisions\/5223"}],"wp:featuredmedia":[{"embeddable":true,"href":"https:\/\/radiostudiow.com.br\/site\/wp-json\/wp\/v2\/media\/5224"}],"wp:attachment":[{"href":"https:\/\/radiostudiow.com.br\/site\/wp-json\/wp\/v2\/media?parent=5221"}],"wp:term":[{"taxonomy":"category","embeddable":true,"href":"https:\/\/radiostudiow.com.br\/site\/wp-json\/wp\/v2\/categories?post=5221"},{"taxonomy":"post_tag","embeddable":true,"href":"https:\/\/radiostudiow.com.br\/site\/wp-json\/wp\/v2\/tags?post=5221"}],"curies":[{"name":"wp","href":"https:\/\/api.w.org\/{rel}","templated":true}]}}