{"id":5237,"date":"2022-01-07T22:59:06","date_gmt":"2022-01-08T01:59:06","guid":{"rendered":"https:\/\/radiostudiow.com.br\/site\/?p=5237"},"modified":"2025-01-31T15:12:12","modified_gmt":"2025-01-31T18:12:12","slug":"policia-militar-de-mallet-apresenta-a-arma-utilizada-no-confronto-contra-policiais","status":"publish","type":"post","link":"https:\/\/radiostudiow.com.br\/site\/2022\/01\/07\/policia-militar-de-mallet-apresenta-a-arma-utilizada-no-confronto-contra-policiais\/","title":{"rendered":"POL\u00cdCIA MILITAR DE MALLET APRESENTA A ARMA UTILIZADA NO CONFRONTO CONTRA POLICIAIS"},"content":{"rendered":"\n<p>Nesta sexta-feira (07), a Pol\u00edcia Militar do Pelot\u00e3o Cabo Abr\u00e3o Kanclarovicz aqui de Mallet, divulgou atrav\u00e9s do seu release di\u00e1rio a imprensa, o Boletim de Ocorr\u00eancia, relatando o que levou aos policiais se direcionarem at\u00e9 o interior do munic\u00edpio, na localidade da Col\u00f4nia Uma, Rio Claro do Sul.<\/p>\n\n\n\n<p>De acordo com o B.O., a equipe foi acionada via telefone do destacamento policial por um solicitante informando que uma feminina chegou em sua resid\u00eancia com v\u00e1rias les\u00f5es pelo corpo e muito nervosa e que tinha sido amea\u00e7ada de morte pelo seu convivente e estava pedindo ajuda.<\/p>\n\n\n\n<p>De posse dessas informa\u00e7\u00f5es a equipe, mesmo antes da troca do plant\u00e3o, deslocou at\u00e9 a resid\u00eancia da feminina e quando chegaram o masculino suspeito das amea\u00e7as, investiu contra a equipe, iniciando assim um confronto com os policiais, onde o masculino foi alvejado e acabou entrando em \u00f3bito no local.<\/p>\n\n\n\n<p>Na ocasi\u00e3o a PM mostrou a arma utilizada no confronto, uma rev\u00f3lver calibre 38 com 05 muni\u00e7\u00f5es sendo&nbsp;03 deflagradas e sem nenhum registro.<\/p>\n\n\n\n<div class=\"wp-block-image\"><figure class=\"aligncenter size-large is-resized\"><img loading=\"lazy\" decoding=\"async\" src=\"https:\/\/radiostudiow.com.br\/site\/wp-content\/uploads\/2022\/01\/mercado_moveis-1024x1024.jpg\" alt=\"\" class=\"wp-image-5244\" width=\"462\" height=\"462\"\/><\/figure><\/div>\n\n\n\n<figure class=\"wp-block-image size-full\"><img decoding=\"async\" src=\"https:\/\/radiostudiow.com.br\/site\/wp-content\/uploads\/2021\/09\/NUTRI-MALLET.jpg\" alt=\"\" class=\"wp-image-3543\"\/><\/figure>\n","protected":false},"excerpt":{"rendered":"<p>Nesta sexta-feira (07), a Pol\u00edcia Militar do Pelot\u00e3o Cabo Abr\u00e3o Kanclarovicz aqui de Mallet, divulgou atrav\u00e9s do seu release di\u00e1rio a imprensa, o Boletim de Ocorr\u00eancia, relatando o que levou aos policiais se direcionarem at\u00e9 o interior do munic\u00edpio, na localidade da Col\u00f4nia Uma, Rio Claro do Sul. De acordo com o B.O., a equipe [&hellip;]<\/p>\n","protected":false},"author":2,"featured_media":5238,"comment_status":"open","ping_status":"open","sticky":false,"template":"","format":"standard","meta":{"footnotes":""},"categories":[184,2],"tags":[172],"class_list":["post-5237","post","type-post","status-publish","format-standard","has-post-thumbnail","hentry","category-local","category-policial","tag-featured"],"amp_enabled":true,"_links":{"self":[{"href":"https:\/\/radiostudiow.com.br\/site\/wp-json\/wp\/v2\/posts\/5237","targetHints":{"allow":["GET"]}}],"collection":[{"href":"https:\/\/radiostudiow.com.br\/site\/wp-json\/wp\/v2\/posts"}],"about":[{"href":"https:\/\/radiostudiow.com.br\/site\/wp-json\/wp\/v2\/types\/post"}],"author":[{"embeddable":true,"href":"https:\/\/radiostudiow.com.br\/site\/wp-json\/wp\/v2\/users\/2"}],"replies":[{"embeddable":true,"href":"https:\/\/radiostudiow.com.br\/site\/wp-json\/wp\/v2\/comments?post=5237"}],"version-history":[{"count":3,"href":"https:\/\/radiostudiow.com.br\/site\/wp-json\/wp\/v2\/posts\/5237\/revisions"}],"predecessor-version":[{"id":5245,"href":"https:\/\/radiostudiow.com.br\/site\/wp-json\/wp\/v2\/posts\/5237\/revisions\/5245"}],"wp:featuredmedia":[{"embeddable":true,"href":"https:\/\/radiostudiow.com.br\/site\/wp-json\/wp\/v2\/media\/5238"}],"wp:attachment":[{"href":"https:\/\/radiostudiow.com.br\/site\/wp-json\/wp\/v2\/media?parent=5237"}],"wp:term":[{"taxonomy":"category","embeddable":true,"href":"https:\/\/radiostudiow.com.br\/site\/wp-json\/wp\/v2\/categories?post=5237"},{"taxonomy":"post_tag","embeddable":true,"href":"https:\/\/radiostudiow.com.br\/site\/wp-json\/wp\/v2\/tags?post=5237"}],"curies":[{"name":"wp","href":"https:\/\/api.w.org\/{rel}","templated":true}]}}