{"id":5241,"date":"2022-01-07T23:15:37","date_gmt":"2022-01-08T02:15:37","guid":{"rendered":"https:\/\/radiostudiow.com.br\/site\/?p=5241"},"modified":"2025-01-31T15:12:12","modified_gmt":"2025-01-31T18:12:12","slug":"masculino-transtornado-agride-a-propria-mae-tentando-enforca-la-fato-ocorreu-no-jardim-emilia-em-mallet","status":"publish","type":"post","link":"https:\/\/radiostudiow.com.br\/site\/2022\/01\/07\/masculino-transtornado-agride-a-propria-mae-tentando-enforca-la-fato-ocorreu-no-jardim-emilia-em-mallet\/","title":{"rendered":"MASCULINO TRANSTORNADO AGRIDE A PR\u00d3PRIA M\u00c3E TENTANDO ENFORC\u00c1-LA. FATO OCORREU NO JARDIM EM\u00cdLIA EM MALLET"},"content":{"rendered":"\n<p>A equipe da Pol\u00edcia Militar de Mallet, foi acionada via celular, informando que um masculino havia invadido uma resid\u00eancia e estava agredindo as pessoas que ali estavam.&nbsp;<\/p>\n\n\n\n<p>De imediato foi deslocado at\u00e9 ao endere\u00e7o no Jardim Em\u00edlia, onde foi avistado um masculino saindo da resid\u00eancia.<\/p>\n\n\n\n<p>Os policiais realizaram a abordagem ao masculino sendo que ele estava bem nervoso.<\/p>\n\n\n\n<p>Em conversa com o solicitante, relatou que o acusado estava em casa e quando saiu, foi at\u00e9 a esquina e voltou transtornado querendo agredir sua m\u00e3e tentando enforc\u00e1-la e empurrou uma feminina contra o muro.<\/p>\n\n\n\n<p>Neste momento, a Pol\u00edcia Militar deu voz de pris\u00e3o ao autor, e encaminhou as partes\u00a0 at\u00e9 a 10\u00aa DRP (Delegacia Regional da Pol\u00edcia Civil de Mallet) e posteriormente foram encaminhados at\u00e9 o hospital S\u00e3o Pedro para que fossem feitos os laudos das les\u00f5es e medicados.<\/p>\n\n\n\n<figure class=\"wp-block-image size-full\"><img decoding=\"async\" src=\"https:\/\/radiostudiow.com.br\/site\/wp-content\/uploads\/2021\/08\/240387432_2992083691066122_4820772207429196742_n.jpg\" alt=\"\" class=\"wp-image-3380\"\/><\/figure>\n\n\n\n<figure class=\"wp-block-image size-full\"><img decoding=\"async\" src=\"https:\/\/radiostudiow.com.br\/site\/wp-content\/uploads\/2021\/10\/vem_ai.jpg\" alt=\"\" class=\"wp-image-4176\"\/><\/figure>\n","protected":false},"excerpt":{"rendered":"<p>A equipe da Pol\u00edcia Militar de Mallet, foi acionada via celular, informando que um masculino havia invadido uma resid\u00eancia e estava agredindo as pessoas que ali estavam.&nbsp; De imediato foi deslocado at\u00e9 ao endere\u00e7o no Jardim Em\u00edlia, onde foi avistado um masculino saindo da resid\u00eancia. Os policiais realizaram a abordagem ao masculino sendo que ele [&hellip;]<\/p>\n","protected":false},"author":2,"featured_media":0,"comment_status":"open","ping_status":"open","sticky":false,"template":"","format":"standard","meta":{"footnotes":""},"categories":[2],"tags":[172],"class_list":["post-5241","post","type-post","status-publish","format-standard","hentry","category-policial","tag-featured"],"amp_enabled":true,"_links":{"self":[{"href":"https:\/\/radiostudiow.com.br\/site\/wp-json\/wp\/v2\/posts\/5241","targetHints":{"allow":["GET"]}}],"collection":[{"href":"https:\/\/radiostudiow.com.br\/site\/wp-json\/wp\/v2\/posts"}],"about":[{"href":"https:\/\/radiostudiow.com.br\/site\/wp-json\/wp\/v2\/types\/post"}],"author":[{"embeddable":true,"href":"https:\/\/radiostudiow.com.br\/site\/wp-json\/wp\/v2\/users\/2"}],"replies":[{"embeddable":true,"href":"https:\/\/radiostudiow.com.br\/site\/wp-json\/wp\/v2\/comments?post=5241"}],"version-history":[{"count":1,"href":"https:\/\/radiostudiow.com.br\/site\/wp-json\/wp\/v2\/posts\/5241\/revisions"}],"predecessor-version":[{"id":5243,"href":"https:\/\/radiostudiow.com.br\/site\/wp-json\/wp\/v2\/posts\/5241\/revisions\/5243"}],"wp:attachment":[{"href":"https:\/\/radiostudiow.com.br\/site\/wp-json\/wp\/v2\/media?parent=5241"}],"wp:term":[{"taxonomy":"category","embeddable":true,"href":"https:\/\/radiostudiow.com.br\/site\/wp-json\/wp\/v2\/categories?post=5241"},{"taxonomy":"post_tag","embeddable":true,"href":"https:\/\/radiostudiow.com.br\/site\/wp-json\/wp\/v2\/tags?post=5241"}],"curies":[{"name":"wp","href":"https:\/\/api.w.org\/{rel}","templated":true}]}}