{"id":5256,"date":"2022-01-12T11:16:49","date_gmt":"2022-01-12T14:16:49","guid":{"rendered":"https:\/\/radiostudiow.com.br\/site\/?p=5256"},"modified":"2025-01-31T15:12:12","modified_gmt":"2025-01-31T18:12:12","slug":"dois-tratores-sao-furtados-de-propriedade-no-interior-de-cruz-machado","status":"publish","type":"post","link":"https:\/\/radiostudiow.com.br\/site\/2022\/01\/12\/dois-tratores-sao-furtados-de-propriedade-no-interior-de-cruz-machado\/","title":{"rendered":"Dois tratores s\u00e3o furtados de propriedade no interior de Cruz Machado"},"content":{"rendered":"\n<p>A Pol\u00edcia Militar de Cruz Machado atendeu uma ocorr\u00eancia de furto de tratores durante essa ter\u00e7a-feira, 11 de janeiro,  na localidade de Pinhal\u00e3o, interior da cidade.<\/p>\n\n\n\n<p>Um homem compareceu ao Pelot\u00e3o da Pol\u00edcia relatando que arrendou uma fazenda e entre os dias 10 e 11 de Janeiro e dois de seus tratos foram furtados, sendo um Valtra Valmet modelo 885ts 4\u00d74 de cor azul e um John Deere modelo 5090 de cor verde, com uma lamina niveladora hidr\u00e1ulica da marca Scarbelot, al\u00e9m de mais alguns objetos.<\/p>\n\n\n\n<p>O solicitante relatou que na propriedade haviam rastros de caminh\u00e3o e ao conversar com vizinhos foi informado de que foi ouvido barulhos de caminh\u00e3o pr\u00f3ximo \u00e0s 03 horas da madrugada. O caso foi registrado e repassado para investiga\u00e7\u00e3o.<\/p>\n\n\n\n<figure class=\"wp-block-image size-large\"><img decoding=\"async\" src=\"https:\/\/radiostudiow.com.br\/site\/wp-content\/uploads\/2021\/12\/231815384_4188224831225875_2309644443555162767_n-1024x389.jpg\" alt=\"\" class=\"wp-image-4767\"\/><\/figure>\n","protected":false},"excerpt":{"rendered":"<p>A Pol\u00edcia Militar de Cruz Machado atendeu uma ocorr\u00eancia de furto de tratores durante essa ter\u00e7a-feira, 11 de janeiro, na localidade de Pinhal\u00e3o, interior da cidade. Um homem compareceu ao Pelot\u00e3o da Pol\u00edcia relatando que arrendou uma fazenda e entre os dias 10 e 11 de Janeiro e dois de seus tratos foram furtados, sendo [&hellip;]<\/p>\n","protected":false},"author":2,"featured_media":5054,"comment_status":"open","ping_status":"open","sticky":false,"template":"","format":"standard","meta":{"footnotes":""},"categories":[2],"tags":[172],"class_list":["post-5256","post","type-post","status-publish","format-standard","has-post-thumbnail","hentry","category-policial","tag-featured"],"amp_enabled":true,"_links":{"self":[{"href":"https:\/\/radiostudiow.com.br\/site\/wp-json\/wp\/v2\/posts\/5256","targetHints":{"allow":["GET"]}}],"collection":[{"href":"https:\/\/radiostudiow.com.br\/site\/wp-json\/wp\/v2\/posts"}],"about":[{"href":"https:\/\/radiostudiow.com.br\/site\/wp-json\/wp\/v2\/types\/post"}],"author":[{"embeddable":true,"href":"https:\/\/radiostudiow.com.br\/site\/wp-json\/wp\/v2\/users\/2"}],"replies":[{"embeddable":true,"href":"https:\/\/radiostudiow.com.br\/site\/wp-json\/wp\/v2\/comments?post=5256"}],"version-history":[{"count":1,"href":"https:\/\/radiostudiow.com.br\/site\/wp-json\/wp\/v2\/posts\/5256\/revisions"}],"predecessor-version":[{"id":5257,"href":"https:\/\/radiostudiow.com.br\/site\/wp-json\/wp\/v2\/posts\/5256\/revisions\/5257"}],"wp:featuredmedia":[{"embeddable":true,"href":"https:\/\/radiostudiow.com.br\/site\/wp-json\/wp\/v2\/media\/5054"}],"wp:attachment":[{"href":"https:\/\/radiostudiow.com.br\/site\/wp-json\/wp\/v2\/media?parent=5256"}],"wp:term":[{"taxonomy":"category","embeddable":true,"href":"https:\/\/radiostudiow.com.br\/site\/wp-json\/wp\/v2\/categories?post=5256"},{"taxonomy":"post_tag","embeddable":true,"href":"https:\/\/radiostudiow.com.br\/site\/wp-json\/wp\/v2\/tags?post=5256"}],"curies":[{"name":"wp","href":"https:\/\/api.w.org\/{rel}","templated":true}]}}