{"id":5261,"date":"2022-01-12T15:37:57","date_gmt":"2022-01-12T18:37:57","guid":{"rendered":"https:\/\/radiostudiow.com.br\/site\/?p=5261"},"modified":"2025-01-31T15:12:12","modified_gmt":"2025-01-31T18:12:12","slug":"motocicleta-com-debitos-e-recolhida-pela-pm-de-mallet","status":"publish","type":"post","link":"https:\/\/radiostudiow.com.br\/site\/2022\/01\/12\/motocicleta-com-debitos-e-recolhida-pela-pm-de-mallet\/","title":{"rendered":"MOTOCICLETA COM D\u00c9BITOS \u00c9 RECOLHIDA PELA PM DE MALLET"},"content":{"rendered":"\n<p>A equipe da Pol\u00edcia Militar de Mallet estava realizando patrulhamento pela \u00e1rea central da cidade quando avistou um motociclista em atitude suspeita por volta das 11:40 horas dessa ter\u00e7a-feira (11).<\/p>\n\n\n\n<p>Ap\u00f3s a equipe realizar a abordagem foi constatado que o condutor n\u00e3o \u00e9 habilitado e a motocicleta constava d\u00e9bitos de licenciamento e o lacre da placa rompido.<\/p>\n\n\n\n<p>Diante da situa\u00e7\u00e3o o ve\u00edculo foi recolhido ao p\u00e1tio do Pelot\u00e3o da Pol\u00edcia Militar de Mallet para as provid\u00eancias e AITS pertinentes. Nada mais de il\u00edcito foi encontrado com o condutor, o qual foi liberado.<\/p>\n\n\n\n<figure class=\"wp-block-image size-full\"><img decoding=\"async\" src=\"https:\/\/radiostudiow.com.br\/site\/wp-content\/uploads\/2021\/10\/vem_ai.jpg\" alt=\"\" class=\"wp-image-4176\"\/><\/figure>\n","protected":false},"excerpt":{"rendered":"<p>A equipe da Pol\u00edcia Militar de Mallet estava realizando patrulhamento pela \u00e1rea central da cidade quando avistou um motociclista em atitude suspeita por volta das 11:40 horas dessa ter\u00e7a-feira (11). Ap\u00f3s a equipe realizar a abordagem foi constatado que o condutor n\u00e3o \u00e9 habilitado e a motocicleta constava d\u00e9bitos de licenciamento e o lacre da [&hellip;]<\/p>\n","protected":false},"author":2,"featured_media":4104,"comment_status":"open","ping_status":"open","sticky":false,"template":"","format":"standard","meta":{"footnotes":""},"categories":[2],"tags":[172],"class_list":["post-5261","post","type-post","status-publish","format-standard","has-post-thumbnail","hentry","category-policial","tag-featured"],"amp_enabled":true,"_links":{"self":[{"href":"https:\/\/radiostudiow.com.br\/site\/wp-json\/wp\/v2\/posts\/5261","targetHints":{"allow":["GET"]}}],"collection":[{"href":"https:\/\/radiostudiow.com.br\/site\/wp-json\/wp\/v2\/posts"}],"about":[{"href":"https:\/\/radiostudiow.com.br\/site\/wp-json\/wp\/v2\/types\/post"}],"author":[{"embeddable":true,"href":"https:\/\/radiostudiow.com.br\/site\/wp-json\/wp\/v2\/users\/2"}],"replies":[{"embeddable":true,"href":"https:\/\/radiostudiow.com.br\/site\/wp-json\/wp\/v2\/comments?post=5261"}],"version-history":[{"count":3,"href":"https:\/\/radiostudiow.com.br\/site\/wp-json\/wp\/v2\/posts\/5261\/revisions"}],"predecessor-version":[{"id":5265,"href":"https:\/\/radiostudiow.com.br\/site\/wp-json\/wp\/v2\/posts\/5261\/revisions\/5265"}],"wp:featuredmedia":[{"embeddable":true,"href":"https:\/\/radiostudiow.com.br\/site\/wp-json\/wp\/v2\/media\/4104"}],"wp:attachment":[{"href":"https:\/\/radiostudiow.com.br\/site\/wp-json\/wp\/v2\/media?parent=5261"}],"wp:term":[{"taxonomy":"category","embeddable":true,"href":"https:\/\/radiostudiow.com.br\/site\/wp-json\/wp\/v2\/categories?post=5261"},{"taxonomy":"post_tag","embeddable":true,"href":"https:\/\/radiostudiow.com.br\/site\/wp-json\/wp\/v2\/tags?post=5261"}],"curies":[{"name":"wp","href":"https:\/\/api.w.org\/{rel}","templated":true}]}}